{"id":926,"date":"2020-02-28T08:16:24","date_gmt":"2020-02-28T07:16:24","guid":{"rendered":"https:\/\/www.bleckmannschulze.de\/blog\/bs\/?p=926"},"modified":"2020-03-13T11:58:57","modified_gmt":"2020-03-13T10:58:57","slug":"probearbeiten","status":"publish","type":"post","link":"https:\/\/www.bleckmannschulze.de\/blog\/bs\/2020\/02\/28\/probearbeiten\/","title":{"rendered":"Probearbeiten bei BleckmannSchulze \u2013 Sichern Sie sich den Job"},"content":{"rendered":"\n<p><strong>Die&nbsp;<\/strong><a href=\"https:\/\/www.bleckmannschulze.de\/blog\/bs\/2018\/08\/31\/bewerbung-bei-bleckmannschulze\/\"><strong>Bewerbung an uns<\/strong><\/a><strong>&nbsp;ist verschickt, das Telefoninterview haben Sie mit Bravour gemeistert? Dann steht jetzt Ihr Probearbeiten bei BleckmannSchulze vor der T\u00fcr!&nbsp;<\/strong><\/p>\n\n\n\n<p>Ihnen schie\u00dfen sofort tausende Fragen in den Kopf? Sie bibbern vor unl\u00f6sbaren Assessment Centern? Sie fragen sich, ob die Krawatte zum Dresscode geh\u00f6rt? Erfahren Sie in diesem Beitrag, was Sie wirklich beim Probearbeiten erwartet und wie Sie uns von sich \u00fcberzeugen!<\/p>\n\n\n\n<h4 class=\"wp-block-heading\">Ja zum Probearbeiten!<\/h4>\n\n\n\n<p>Einen Probetag gibt es bei uns f\u00fcr jede Position. Aus dem einfachen Grund, dass wir herausfinden m\u00f6chten, ob Sie als Kandidat fachlich zur Position und menschlich ins Team passen. Bei einem Probetag erhalten Sie Einblicke in Ihre potentiellen Aufgaben und haben die Chance,&nbsp;<a href=\"https:\/\/www.bleckmannschulze.de\/blog\/bs\/2017\/01\/25\/so-verschieden-und-doch-so-gleich-das-bleckmannschulze-team\/\">Kollegen pers\u00f6nlich kennenzulernen<\/a>. <\/p>\n\n\n\n<p>Kandidaten durchlaufen bei uns kein typisches Assessment Center, sondern werden in den Berufsalltag integriert. So erhalten wir von Ihnen einen umfassenden Eindruck und k\u00f6nnen einsch\u00e4tzen, wie Sie auf bestimmte Situationen reagieren. Die Einladung zum Probearbeiten sollten Sie als Bewerber auf jeden Fall wahrnehmen, denn ein und derselbe Job sieht bei unterschiedlichen Arbeitgebern immer wieder anders aus.&nbsp;<\/p>\n\n\n\n<p>Der Probetag ist f\u00fcr beide Seiten sehr wichtig \u2013 sowohl f\u00fcr den Bewerber als auch f\u00fcr das Unternehmen. Der Kandidat kann einsch\u00e4tzen, ob er sich mit seinem neuen Aufgabenfeld identifizieren kann und sich im Team wohlf\u00fchlt. Besonders bei Klein- und&nbsp;<a href=\"https:\/\/www.bleckmannschulze.de\/blog\/bs\/2018\/01\/19\/top-arbeitgeber-mittelstand-bleckmannschulze-in-koeln\/\">mittelst\u00e4ndischen Unternehmen<\/a>&nbsp;ist es wichtig, dass die Harmonie im Team stimmt. Bei BleckmannSchulze steht neben der fachlichen Kompetenz vor allem das menschliche Miteinander im Fokus.&nbsp;<strong><\/strong><\/p>\n\n\n\n<h4 class=\"wp-block-heading\">Ihr Probetag bei BleckmannSchulze<\/h4>\n\n\n\n<p>Der Probetag startet mit einer Begr\u00fc\u00dfungsrunde, in der Ihre Aufgaben als Kandidat vorgestellt werden. Sie bekommen die Gelegenheit, alle Kollegen kurz kennenzulernen und sich mit anderen Kollegen auszutauschen. Sie erhalten im Anschluss eine kurze Einweisung in den Arbeitsplatz und dann geht es schon los. <\/p>\n\n\n\n<p>Der konkrete Ablauf Ihres Probetages unterscheidet sich ab diesem Zeitpunkt je nach Position. Es kommt darauf an, f\u00fcr welche Stelle Sie sich beworben haben und wie viele Kandidaten insgesamt eine Bewerbung eingereicht haben und zum Probetag eingeladen wurden. Erwarten Sie an dieser Stelle jedoch keine typische Postkorb\u00fcbung. W\u00e4hrend der zu l\u00f6senden Aufgaben gilt es, diese professionell zu l\u00f6sen und unter Druck dennoch authentisch zu bleiben. Zum Abschluss gibt es f\u00fcr jeden Kandidaten ein pers\u00f6nliches Feedback von&nbsp;<a href=\"https:\/\/twitter.com\/Personalexperte\">Maik Schulze<\/a>.&nbsp;<\/p>\n\n\n\n<p>F\u00fcr Ihren Probetag bei BleckmannSchulze rate ich Ihnen, sich unsere Website und unseren Blog anzusehen. Grundkenntnisse \u00fcber die Branche der Personaldienstleistung sind definitiv von Vorteil. Innerhalb Ihres Fachgebietes sollten Sie Ihre Expertise abrufbereit haben. Bei BleckmannSchulze ist eine intensive Einarbeitung in den Onboarding Prozess integriert. So gelingt Ihnen der bestm\u00f6gliche Start in Ihrem neuen Job.&nbsp;<\/p>\n\n\n\n<h4 class=\"wp-block-heading\">Holen Sie sich Ihren neuen Job!<\/h4>\n\n\n\n<p>Das Probearbeiten bei BleckmannSchulze dient dazu, herauszufinden, ob Sie sowohl fachlich als auch pers\u00f6nlich in unser Unternehmen passen. Seien Sie so authentisch wie m\u00f6glich und \u00fcberzeugen Sie uns mit einer nat\u00fcrlichen, professionellen Art. Die Krawatte k\u00f6nnen Sie \u00fcbrigens zuhause lassen \u2013 ein seri\u00f6ses Auftreten verlangen wir dennoch, eine schicke Bluse oder ein nettes Hemd reichen allerdings vollkommen aus.&nbsp;<\/p>\n\n\n\n<p>Meine abschlie\u00dfenden Tipps f\u00fcr Ihren Probetag: Ein professionelles Auftreten, fachliche Kompetenz und Authentizit\u00e4t. So sind Sie bestens ger\u00fcstet und werden uns mit Sicherheit von sich \u00fcberzeugen.&nbsp;<\/p>\n\n\n\n<p><\/p>\n\n\n\n<p><em>Beitragsbild: \u00a9&nbsp;<\/em><a href=\"https:\/\/www.istockphoto.com\/de\/portfolio\/yuri_arcurs?assettype=image&amp;mediatype=photography&amp;sort=best\">Yuri_Arcurs<\/a><em>&nbsp;\u2013 istockphoto.com<\/em><\/p>\n","protected":false},"excerpt":{"rendered":"<p>Die&nbsp;Bewerbung an uns&nbsp;ist verschickt, das Telefoninterview haben Sie mit Bravour gemeistert? Dann steht jetzt Ihr Probearbeiten bei BleckmannSchulze vor der T\u00fcr!&nbsp; Ihnen schie\u00dfen sofort tausende Fragen in den Kopf? Sie bibbern vor unl\u00f6sbaren Assessment Centern? Sie fragen sich, ob die Krawatte zum Dresscode geh\u00f6rt? Erfahren Sie in diesem Beitrag, was Sie wirklich beim Probearbeiten erwartet [&hellip;]<\/p>\n","protected":false},"author":30,"featured_media":932,"comment_status":"open","ping_status":"open","sticky":false,"template":"","format":"standard","meta":{"_et_pb_use_builder":"","_et_pb_old_content":"","_et_gb_content_width":"","_mi_skip_tracking":false,"jetpack_post_was_ever_published":false,"jetpack_publicize_message":"","jetpack_is_tweetstorm":false,"jetpack_publicize_feature_enabled":true,"jetpack_social_post_already_shared":true,"jetpack_social_options":[]},"categories":[32],"tags":[120,12,118,119],"jetpack_publicize_connections":[],"yoast_head":"<!-- This site is optimized with the Yoast SEO plugin v20.4 - https:\/\/yoast.com\/wordpress\/plugins\/seo\/ -->\n<title>Probearbeiten: Holen Sie sich den Job! BleckmannSchulze | Insights<\/title>\n<meta name=\"description\" content=\"Ihr Probearbeiten bei BleckmannSchulze steht vor der T\u00fcr. Doch womit punkten Sie? Erfahren Sie hier, wie Sie beim Probetag \u00fcberzeugen!\" \/>\n<meta name=\"robots\" content=\"index, follow, max-snippet:-1, max-image-preview:large, max-video-preview:-1\" \/>\n<link rel=\"canonical\" href=\"https:\/\/www.bleckmannschulze.de\/blog\/bs\/2020\/02\/28\/probearbeiten\/\" \/>\n<meta property=\"og:locale\" content=\"de_DE\" \/>\n<meta property=\"og:type\" content=\"article\" \/>\n<meta property=\"og:title\" content=\"Probearbeiten: Holen Sie sich den Job! BleckmannSchulze | Insights\" \/>\n<meta property=\"og:description\" content=\"Ihr Probearbeiten bei BleckmannSchulze steht vor der T\u00fcr. Doch womit punkten Sie? Erfahren Sie hier, wie Sie beim Probetag \u00fcberzeugen!\" \/>\n<meta property=\"og:url\" content=\"https:\/\/www.bleckmannschulze.de\/blog\/bs\/2020\/02\/28\/probearbeiten\/\" \/>\n<meta property=\"og:site_name\" content=\"BleckmannSchulze | Insights\" \/>\n<meta property=\"article:published_time\" content=\"2020-02-28T07:16:24+00:00\" \/>\n<meta property=\"article:modified_time\" content=\"2020-03-13T10:58:57+00:00\" \/>\n<meta property=\"og:image\" content=\"https:\/\/www.bleckmannschulze.de\/blog\/bs\/wp-content\/uploads\/2020\/02\/Probearbeiten.jpg\" \/>\n\t<meta property=\"og:image:width\" content=\"1369\" \/>\n\t<meta property=\"og:image:height\" content=\"765\" \/>\n\t<meta property=\"og:image:type\" content=\"image\/jpeg\" \/>\n<meta name=\"author\" content=\"Cathrin Klingenmeier\" \/>\n<meta name=\"twitter:card\" content=\"summary_large_image\" \/>\n<meta name=\"twitter:label1\" content=\"Verfasst von\" \/>\n\t<meta name=\"twitter:data1\" content=\"Cathrin Klingenmeier\" \/>\n\t<meta name=\"twitter:label2\" content=\"Gesch\u00e4tzte Lesezeit\" \/>\n\t<meta name=\"twitter:data2\" content=\"3 Minuten\" \/>\n<script type=\"application\/ld+json\" class=\"yoast-schema-graph\">{\"@context\":\"https:\/\/schema.org\",\"@graph\":[{\"@type\":\"WebPage\",\"@id\":\"https:\/\/www.bleckmannschulze.de\/blog\/bs\/2020\/02\/28\/probearbeiten\/\",\"url\":\"https:\/\/www.bleckmannschulze.de\/blog\/bs\/2020\/02\/28\/probearbeiten\/\",\"name\":\"Probearbeiten: Holen Sie sich den Job! BleckmannSchulze | Insights\",\"isPartOf\":{\"@id\":\"https:\/\/www.bleckmannschulze.de\/blog\/bs\/#website\"},\"datePublished\":\"2020-02-28T07:16:24+00:00\",\"dateModified\":\"2020-03-13T10:58:57+00:00\",\"author\":{\"@id\":\"https:\/\/www.bleckmannschulze.de\/blog\/bs\/#\/schema\/person\/a6bb8daf3754b1c6ef537c20670cbf85\"},\"description\":\"Ihr Probearbeiten bei BleckmannSchulze steht vor der T\u00fcr. Doch womit punkten Sie? Erfahren Sie hier, wie Sie beim Probetag \u00fcberzeugen!\",\"breadcrumb\":{\"@id\":\"https:\/\/www.bleckmannschulze.de\/blog\/bs\/2020\/02\/28\/probearbeiten\/#breadcrumb\"},\"inLanguage\":\"de-DE\",\"potentialAction\":[{\"@type\":\"ReadAction\",\"target\":[\"https:\/\/www.bleckmannschulze.de\/blog\/bs\/2020\/02\/28\/probearbeiten\/\"]}]},{\"@type\":\"BreadcrumbList\",\"@id\":\"https:\/\/www.bleckmannschulze.de\/blog\/bs\/2020\/02\/28\/probearbeiten\/#breadcrumb\",\"itemListElement\":[{\"@type\":\"ListItem\",\"position\":1,\"name\":\"Startseite\",\"item\":\"https:\/\/www.bleckmannschulze.de\/blog\/bs\/\"},{\"@type\":\"ListItem\",\"position\":2,\"name\":\"Probearbeiten bei BleckmannSchulze \u2013 Sichern Sie sich den Job\"}]},{\"@type\":\"WebSite\",\"@id\":\"https:\/\/www.bleckmannschulze.de\/blog\/bs\/#website\",\"url\":\"https:\/\/www.bleckmannschulze.de\/blog\/bs\/\",\"name\":\"BleckmannSchulze | Insights\",\"description\":\"\",\"potentialAction\":[{\"@type\":\"SearchAction\",\"target\":{\"@type\":\"EntryPoint\",\"urlTemplate\":\"https:\/\/www.bleckmannschulze.de\/blog\/bs\/?s={search_term_string}\"},\"query-input\":\"required name=search_term_string\"}],\"inLanguage\":\"de-DE\"},{\"@type\":\"Person\",\"@id\":\"https:\/\/www.bleckmannschulze.de\/blog\/bs\/#\/schema\/person\/a6bb8daf3754b1c6ef537c20670cbf85\",\"name\":\"Cathrin Klingenmeier\",\"description\":\"Geboren in W\u00fcrzburg, aufgewachsen im Odenwald, Wurzeln geschlagen in K\u00f6ln \u2013 Letzteres auch dank BS. Mein Job als Projekt- und Eventmanagerin vereint meine Kreativit\u00e4t mit meinem Organisationstalent. Perfekt! Letzteres kommt mir au\u00dferdem bei der Gestaltung und Optimierung der Recruiting-Prozesse zu Gute. Privat bin ich im Fitnessstudio oder im Caf\u00e9 anzutreffen.\",\"url\":\"https:\/\/www.bleckmannschulze.de\/blog\/bs\/author\/cathrinklingenmeier\/\"}]}<\/script>\n<!-- \/ Yoast SEO plugin. -->","yoast_head_json":{"title":"Probearbeiten: Holen Sie sich den Job! BleckmannSchulze | Insights","description":"Ihr Probearbeiten bei BleckmannSchulze steht vor der T\u00fcr. Doch womit punkten Sie? Erfahren Sie hier, wie Sie beim Probetag \u00fcberzeugen!","robots":{"index":"index","follow":"follow","max-snippet":"max-snippet:-1","max-image-preview":"max-image-preview:large","max-video-preview":"max-video-preview:-1"},"canonical":"https:\/\/www.bleckmannschulze.de\/blog\/bs\/2020\/02\/28\/probearbeiten\/","og_locale":"de_DE","og_type":"article","og_title":"Probearbeiten: Holen Sie sich den Job! BleckmannSchulze | Insights","og_description":"Ihr Probearbeiten bei BleckmannSchulze steht vor der T\u00fcr. Doch womit punkten Sie? Erfahren Sie hier, wie Sie beim Probetag \u00fcberzeugen!","og_url":"https:\/\/www.bleckmannschulze.de\/blog\/bs\/2020\/02\/28\/probearbeiten\/","og_site_name":"BleckmannSchulze | Insights","article_published_time":"2020-02-28T07:16:24+00:00","article_modified_time":"2020-03-13T10:58:57+00:00","og_image":[{"width":1369,"height":765,"url":"https:\/\/www.bleckmannschulze.de\/blog\/bs\/wp-content\/uploads\/2020\/02\/Probearbeiten.jpg","type":"image\/jpeg"}],"author":"Cathrin Klingenmeier","twitter_card":"summary_large_image","twitter_misc":{"Verfasst von":"Cathrin Klingenmeier","Gesch\u00e4tzte Lesezeit":"3 Minuten"},"schema":{"@context":"https:\/\/schema.org","@graph":[{"@type":"WebPage","@id":"https:\/\/www.bleckmannschulze.de\/blog\/bs\/2020\/02\/28\/probearbeiten\/","url":"https:\/\/www.bleckmannschulze.de\/blog\/bs\/2020\/02\/28\/probearbeiten\/","name":"Probearbeiten: Holen Sie sich den Job! BleckmannSchulze | Insights","isPartOf":{"@id":"https:\/\/www.bleckmannschulze.de\/blog\/bs\/#website"},"datePublished":"2020-02-28T07:16:24+00:00","dateModified":"2020-03-13T10:58:57+00:00","author":{"@id":"https:\/\/www.bleckmannschulze.de\/blog\/bs\/#\/schema\/person\/a6bb8daf3754b1c6ef537c20670cbf85"},"description":"Ihr Probearbeiten bei BleckmannSchulze steht vor der T\u00fcr. Doch womit punkten Sie? Erfahren Sie hier, wie Sie beim Probetag \u00fcberzeugen!","breadcrumb":{"@id":"https:\/\/www.bleckmannschulze.de\/blog\/bs\/2020\/02\/28\/probearbeiten\/#breadcrumb"},"inLanguage":"de-DE","potentialAction":[{"@type":"ReadAction","target":["https:\/\/www.bleckmannschulze.de\/blog\/bs\/2020\/02\/28\/probearbeiten\/"]}]},{"@type":"BreadcrumbList","@id":"https:\/\/www.bleckmannschulze.de\/blog\/bs\/2020\/02\/28\/probearbeiten\/#breadcrumb","itemListElement":[{"@type":"ListItem","position":1,"name":"Startseite","item":"https:\/\/www.bleckmannschulze.de\/blog\/bs\/"},{"@type":"ListItem","position":2,"name":"Probearbeiten bei BleckmannSchulze \u2013 Sichern Sie sich den Job"}]},{"@type":"WebSite","@id":"https:\/\/www.bleckmannschulze.de\/blog\/bs\/#website","url":"https:\/\/www.bleckmannschulze.de\/blog\/bs\/","name":"BleckmannSchulze | Insights","description":"","potentialAction":[{"@type":"SearchAction","target":{"@type":"EntryPoint","urlTemplate":"https:\/\/www.bleckmannschulze.de\/blog\/bs\/?s={search_term_string}"},"query-input":"required name=search_term_string"}],"inLanguage":"de-DE"},{"@type":"Person","@id":"https:\/\/www.bleckmannschulze.de\/blog\/bs\/#\/schema\/person\/a6bb8daf3754b1c6ef537c20670cbf85","name":"Cathrin Klingenmeier","description":"Geboren in W\u00fcrzburg, aufgewachsen im Odenwald, Wurzeln geschlagen in K\u00f6ln \u2013 Letzteres auch dank BS. Mein Job als Projekt- und Eventmanagerin vereint meine Kreativit\u00e4t mit meinem Organisationstalent. Perfekt! Letzteres kommt mir au\u00dferdem bei der Gestaltung und Optimierung der Recruiting-Prozesse zu Gute. Privat bin ich im Fitnessstudio oder im Caf\u00e9 anzutreffen.","url":"https:\/\/www.bleckmannschulze.de\/blog\/bs\/author\/cathrinklingenmeier\/"}]}},"jetpack_featured_media_url":"https:\/\/www.bleckmannschulze.de\/blog\/bs\/wp-content\/uploads\/2020\/02\/Probearbeiten.jpg","jetpack_sharing_enabled":true,"jetpack_shortlink":"https:\/\/wp.me\/p7PzL6-eW","jetpack-related-posts":[{"id":246,"url":"https:\/\/www.bleckmannschulze.de\/blog\/bs\/2017\/09\/29\/meine-tipps-fuer-ihr-vorstellungsgespraech\/","url_meta":{"origin":926,"position":0},"title":"Meine Tipps f\u00fcr Ihr Vorstellungsgespr\u00e4ch","date":"29. September 2017","format":false,"excerpt":"Herzlichen Gl\u00fcckwunsch! Sie geh\u00f6ren zu 7 von 10 Bewerbern, die von mir eine Einladung zum Vorstellungsgespr\u00e4ch in das BleckmannSchulze-B\u00fcro erhalten. Was m\u00fcssen Sie nun tun, um mich davon zu \u00fcberzeugen, dass genau Sie der Beste f\u00fcr den Job bei BleckmannSchulze sind? Beachten Sie ein paar einfache Tipps, steht Ihrem Job\u2026","rel":"","context":"In &quot;Bewerbungstipps&quot;","img":{"alt_text":"Tipps f\u00fcr das Vorstellungsgespr\u00e4ch bei BleckmannSchulze in K\u00f6ln","src":"https:\/\/i0.wp.com\/www.bleckmannschulze.de\/blog\/bs\/wp-content\/uploads\/2017\/08\/Vorstellungsgespraech.jpg?resize=350%2C200&ssl=1","width":350,"height":200},"classes":[]},{"id":475,"url":"https:\/\/www.bleckmannschulze.de\/blog\/bs\/2021\/05\/19\/bewerbung-bei-bleckmannschulze\/","url_meta":{"origin":926,"position":1},"title":"Bewerbung bei BleckmannSchulze? Alles klar!","date":"19. Mai 2021","format":false,"excerpt":"Sie haben ein attraktives Stellenangebot entdeckt und m\u00f6chten wissen, wie Ihre Bewerbung bei BleckmannSchulze abl\u00e4uft? Alternativ haben Sie Ihre Bewerbungsunterlagen an uns soeben abgeschickt und fragen sich, wie es weitergeht? In welcher Situation Sie sich auch befinden \u2013 gerne kl\u00e4re ich Sie als Personalberater bei BleckmannSchulze \u00fcber unsere h\u00e4ufigsten Bewerber-Fragen\u2026","rel":"","context":"In &quot;Bewerbungstipps&quot;","img":{"alt_text":"Bewerbung bei BleckmannSchulze","src":"https:\/\/i0.wp.com\/www.bleckmannschulze.de\/blog\/bs\/wp-content\/uploads\/2018\/08\/BSKoelnBewerbungBleckmannSchulze.jpg?resize=350%2C200&ssl=1","width":350,"height":200},"classes":[]},{"id":178,"url":"https:\/\/www.bleckmannschulze.de\/blog\/bs\/2017\/03\/17\/bleckmannschulze-bs-partnerservices-die-bilderbuch-beziehung\/","url_meta":{"origin":926,"position":2},"title":"BleckmannSchulze &#038; BS PartnerServices: Die Bilderbuch-Beziehung","date":"17. M\u00e4rz 2017","format":false,"excerpt":"Sie sto\u00dfen beim Googeln von \u201eBleckmannSchulze\u201c auf \u201eBleckmannSchulze PartnerServices\u201c (BS PartnerServices)? Was hat es mit dem Namensvetter, ebenfalls ans\u00e4ssig in K\u00f6ln, auf sich? Bringt er f\u00fcr Sie als Bewerber, Mitarbeiter oder Kunde von BleckmannSchulze Vorteile? Dieser Beitrag bringt Licht ins Dunkel. BleckmannSchulze in K\u00f6ln \u2013 nicht woanders 2002 machten R\u00fcdiger\u2026","rel":"","context":"In &quot;\u00dcber uns&quot;","img":{"alt_text":"BleckmannSchulze und BleckmannSchulze PartnerServices beide in K\u00f6ln ans\u00e4ssig","src":"https:\/\/i0.wp.com\/www.bleckmannschulze.de\/blog\/bs\/wp-content\/uploads\/2017\/03\/Bilderbuchbeziehung.jpg?resize=350%2C200&ssl=1","width":350,"height":200},"classes":[]},{"id":113,"url":"https:\/\/www.bleckmannschulze.de\/blog\/bs\/2017\/01\/25\/so-verschieden-und-doch-so-gleich-das-bleckmannschulze-team\/","url_meta":{"origin":926,"position":3},"title":"So verschieden und doch so gleich \u2013 Das BleckmannSchulze Team","date":"25. Januar 2017","format":false,"excerpt":"Den \u201eBleckmann\u201c und den \u201eSchulze\u201c von BleckmannSchulze kennen Sie sp\u00e4testens seit dem vorangegangen Beitrag BleckmannSchulze taucht ein in die Blogger Welt \u2013 Der BS Blog. Was ist mit dem BleckmannSchulze Team? Seit 2010 sitze ich, Agnes Kolpak, \u00a0im BleckmannSchulze Boot. Das liegt nicht nur an meinen Jobinhalten, sondern vor allem\u2026","rel":"","context":"In &quot;\u00dcber uns&quot;","img":{"alt_text":"BleckmannSchulze-Team","src":"https:\/\/i0.wp.com\/www.bleckmannschulze.de\/blog\/bs\/wp-content\/uploads\/2017\/01\/BleckmannSchulze-Team_neu.jpg?resize=350%2C200&ssl=1","width":350,"height":200},"classes":[]},{"id":186,"url":"https:\/\/www.bleckmannschulze.de\/blog\/bs\/2017\/04\/24\/das-boese-phantom-arbeitnehmerueberlassung-wie-viel-wahres-steckt-dahinter\/","url_meta":{"origin":926,"position":4},"title":"Das b\u00f6se Phantom Arbeitnehmer\u00fcberlassung \u2013 Wie viel Wahres steckt dahinter?","date":"24. April 2017","format":false,"excerpt":"Mit den \u00c4nderungen des Arbeitnehmer\u00fcberlassungsgesetzes zum April 2017 sind auch unsere Bewerber f\u00fcr die Branche der Arbeitnehmer\u00fcberlassung (auch: Zeitarbeit) vermehrt sensibilisiert. Dabei zeigt sich Informationsbedarf zu g\u00e4ngigen Vorurteilen. Wie stehen Sie zum Thema Arbeitnehmer\u00fcberlassung? Denken Sie von sich selbst, dass Sie up-to-date sind? Im Folgenden gebe ich Ihnen einen aktuellen\u2026","rel":"","context":"In &quot;Im Dialog&quot;","img":{"alt_text":"Arbeitnehmer\u00fcberlassung nur ein Phantom","src":"https:\/\/i0.wp.com\/www.bleckmannschulze.de\/blog\/bs\/wp-content\/uploads\/2017\/04\/Arbeitnehmerueberlassung.jpg?resize=350%2C200&ssl=1","width":350,"height":200},"classes":[]},{"id":227,"url":"https:\/\/www.bleckmannschulze.de\/blog\/bs\/2017\/08\/25\/das-bleckmannschulze-buero-laecheln-ankommen-begeistern\/","url_meta":{"origin":926,"position":5},"title":"Das BleckmannSchulze-B\u00fcro: L\u00e4cheln, ankommen, begeistern","date":"25. August 2017","format":false,"excerpt":"Waren Sie als Bewerber oder Mitarbeiter schon einmal im BleckmannSchulze-B\u00fcro im MediaPark K\u00f6ln? Meine B\u00fcrotour zeigt Ihnen, was Sie bei diesem Personaldienstleister in K\u00f6ln erwartet. Schon einmal vorab: BleckmannSchulze gibt viel daf\u00fcr, dass Sie sich wohlf\u00fchlen. Wer ist schon \u00fcberzeugend im Vorstellungsgespr\u00e4ch, wenn die Atmosph\u00e4re zum Wegrennen ist? Begleiten Sie\u2026","rel":"","context":"In &quot;\u00dcber uns&quot;","img":{"alt_text":"Das BleckmannSchulze-B\u00fcro in K\u00f6ln im MediaPark","src":"https:\/\/i0.wp.com\/www.bleckmannschulze.de\/blog\/bs\/wp-content\/uploads\/2017\/08\/BleckmannSchulze-buero.jpg?resize=350%2C200&ssl=1","width":350,"height":200},"classes":[]}],"_links":{"self":[{"href":"https:\/\/www.bleckmannschulze.de\/blog\/bs\/wp-json\/wp\/v2\/posts\/926"}],"collection":[{"href":"https:\/\/www.bleckmannschulze.de\/blog\/bs\/wp-json\/wp\/v2\/posts"}],"about":[{"href":"https:\/\/www.bleckmannschulze.de\/blog\/bs\/wp-json\/wp\/v2\/types\/post"}],"author":[{"embeddable":true,"href":"https:\/\/www.bleckmannschulze.de\/blog\/bs\/wp-json\/wp\/v2\/users\/30"}],"replies":[{"embeddable":true,"href":"https:\/\/www.bleckmannschulze.de\/blog\/bs\/wp-json\/wp\/v2\/comments?post=926"}],"version-history":[{"count":8,"href":"https:\/\/www.bleckmannschulze.de\/blog\/bs\/wp-json\/wp\/v2\/posts\/926\/revisions"}],"predecessor-version":[{"id":945,"href":"https:\/\/www.bleckmannschulze.de\/blog\/bs\/wp-json\/wp\/v2\/posts\/926\/revisions\/945"}],"wp:featuredmedia":[{"embeddable":true,"href":"https:\/\/www.bleckmannschulze.de\/blog\/bs\/wp-json\/wp\/v2\/media\/932"}],"wp:attachment":[{"href":"https:\/\/www.bleckmannschulze.de\/blog\/bs\/wp-json\/wp\/v2\/media?parent=926"}],"wp:term":[{"taxonomy":"category","embeddable":true,"href":"https:\/\/www.bleckmannschulze.de\/blog\/bs\/wp-json\/wp\/v2\/categories?post=926"},{"taxonomy":"post_tag","embeddable":true,"href":"https:\/\/www.bleckmannschulze.de\/blog\/bs\/wp-json\/wp\/v2\/tags?post=926"}],"curies":[{"name":"wp","href":"https:\/\/api.w.org\/{rel}","templated":true}]}}