{"id":731,"date":"2019-10-30T08:47:04","date_gmt":"2019-10-30T07:47:04","guid":{"rendered":"https:\/\/www.bleckmannschulze.de\/blog\/bs\/?p=731"},"modified":"2021-06-16T10:10:49","modified_gmt":"2021-06-16T08:10:49","slug":"kec-duo-dominik-und-frederik-tiffels-im-interview","status":"publish","type":"post","link":"https:\/\/www.bleckmannschulze.de\/blog\/bs\/2019\/10\/30\/kec-duo-dominik-und-frederik-tiffels-im-interview\/","title":{"rendered":"KEC-Duo: Dominik und Frederik Tiffels im Interview"},"content":{"rendered":"\n<p><strong>Die <a href=\"https:\/\/de.wikipedia.org\/wiki\/K%C3%B6lner_Haie\">K\u00f6lner Haie<\/a> sind fest in der k\u00f6lschen Kultur verwurzelt und (fast) genauso Kult wie der Dom. Doch wie ticken die Haie eigentlich? Wie sieht es mit Ritualen im Eishockey aus? Wir hatten die Chance, mit Dominik und Frederik Tiffels \u00fcber den KEC, die Neckereien unter Br\u00fcdern und ihre Heimat K\u00f6ln zu sprechen. &nbsp;<\/strong><\/p>\n\n\n\n<h5 class=\"wp-block-heading\">Frederik und Dominik, als Br\u00fcderpaar habt ihr es beide in den Profi-Kader des KEC geschafft. Wie seid ihr eigentlich zum Eishockey gekommen? <\/h5>\n\n\n\n<p><strong>Dominik:<\/strong> Ich hab\u2019 mit vier Jahren in der Laufschule angefangen. Unsere Eltern haben dann relativ schnell gemerkt, dass ich daran Spa\u00df habe. So bin ich zum Eishockey gekommen \u2013 und zum Gl\u00fcck auch dabeigeblieben.<\/p>\n\n\n\n<p><strong>Frederik:<\/strong> Unser Vater war Fan der K\u00f6lner Haie, hatte \u00fcber 20 Jahre eine Dauerkarte. Irgendwann hat er Dominik dann mal mit zu einem Spiel genommen. Und der fand\u2019s total cool und wollte danach unbedingt auf\u2019s Eis gehen. Weil ich als kleiner Bruder alles toll fand, was mein gro\u00dfer Bruder so machte, war das gewisserma\u00dfen auch f\u00fcr mich der Startschuss.<\/p>\n\n\n\n<h5 class=\"wp-block-heading\">M\u00fcsst ihr euch heute manchmal kneifen, wenn ihr euch eure bisherige Karriere so anschaut? <\/h5>\n\n\n\n<p><strong>F:<\/strong> Kneifen vielleicht nicht. Wir wissen schon beide, dass das nicht selbstverst\u00e4ndlich ist. Ohne den Einsatz unserer Eltern und auch der vielen Jugendtrainer und Betreuer w\u00e4ren wir sicher nicht so weit gekommen. Der ganze Zeitaufwand und die mit dem Sport verbundenen Kosten sind ja nicht ohne. Trotzdem haben wir sicher auch unseren Teil dazu beigetragen.<\/p>\n\n\n\n<p><strong>D:<\/strong> Das Talent war bei uns beiden irgendwo da. Doch um den Schritt zum Profi zu schaffen, musst du auch hart an dir arbeiten und auf Dinge verzichten. Wir sind dann ja sehr fr\u00fch von zu Hause ausgezogen, weil wir in der Jugend nicht immer nur beim KEC gespielt haben. Dass wir jetzt beide zusammen im Profikader der K\u00f6lner Haie stehen, ist deshalb umso sch\u00f6ner.<\/p>\n\n\n\n<div class=\"wp-block-image\"><figure class=\"aligncenter\"><img decoding=\"async\" loading=\"lazy\" width=\"1200\" height=\"691\" src=\"https:\/\/www.bleckmannschulze.de\/blog\/bs\/wp-content\/uploads\/2019\/10\/Dominik-Tiffels-Textweb.jpg\" alt=\"\" class=\"wp-image-735\"\/><figcaption><em>KEC-Spieler Dominik Tiffels <\/em> <\/figcaption><\/figure><\/div>\n\n\n\n<h5 class=\"wp-block-heading\">Eure Karriere dauert ja noch an. Gibt es dennoch Highlights, an die ihr euch gerne erinnert? <\/h5>\n\n\n\n<p><strong>D:<\/strong> Puh, das ist schwierig. Wir durften beide schon f\u00fcr die deutsche Nationalmannschaft auflaufen \u2013 Das ist sicher ein Highlight. Dann das erste Profi-Spiel. Doch auch die beiden Meisterschaften, die ich in der DNL gewonnen habe, geh\u00f6ren f\u00fcr mich dazu. <\/p>\n\n\n\n<p><strong>F:<\/strong> Mir f\u00e4llt da zum Beispiel auch mein erstes AHL-Spiel in den USA ein \u2013 oder das NHL-Game gegen die Oilers im vergangenen Oktober hier in K\u00f6ln. Oder mein erstes Tor bei einer Weltmeisterschaft (Info: 2017 gegen Russland zum 3:6-Endstand). Doch ich hoffe nat\u00fcrlich, dass da noch einiges kommen wird (lacht). <\/p>\n\n\n\n<h5 class=\"wp-block-heading\">Im Laufe einer Karriere gibt es auch R\u00fcckschl\u00e4ge, die verkraftet werden m\u00fcssen. Was f\u00e4llt euch dazu ein? <\/h5>\n\n\n\n<p><strong>D:<\/strong> Als ich damals in Hamburg bei den\nFreezers gespielt habe \u2013 und pl\u00f6tzlich hie\u00df es: Den Standort wird\u2019s k\u00fcnftig\nnicht mehr geben \u2013 da bin ich schon in ein kleines Loch gefallen. Ich habe\ndamals einfach gemerkt, wie schnell es im Profisport in die eine oder andere\nRichtung gehen kann.<\/p>\n\n\n\n<p><strong>F:<\/strong> Es war immer mein Ziel, irgendwann von einem NHL-Klub gedraftet zu werden. Letztlich habe ich daf\u00fcr dann drei Anl\u00e4ufe gebraucht. Dann hat\u2019s mit den Pittsburgh Penguins endlich geklappt \u2013 doch letztlich habe ich keinen Einsatz in der NHL bekommen. Das hat mich damals schon ein bisschen gest\u00f6rt.<\/p>\n\n\n\n<h5 class=\"wp-block-heading\">Was sind die pers\u00f6nlichen Ziele, die ihr euch gesteckt habt? <\/h5>\n\n\n\n<p><strong>F:<\/strong> Ich\nwill deutscher Meister werden und irgendwann an den Olympischen Spielen\nteilnehmen. Dann habe ich noch den gro\u00dfen Traum, irgendwann in der NHL\naufzulaufen.<\/p>\n\n\n\n<p><strong>D:<\/strong> Bei\nmir sieht\u2019s da etwas bescheidener aus (lacht). Ich bin ein etablierter Spieler\nin der DEL. Der n\u00e4chste Schritt w\u00e4re f\u00fcr mich, den Anruf von der\nA-Nationalmannschaft zu bekommen. Darauf arbeite ich auch in dieser Saison\nweiter hin.<\/p>\n\n\n\n<h5 class=\"wp-block-heading\">Was macht ihr, wenn ihr gerade mal nicht f\u00fcr die K\u00f6lner Haie auf dem Eis steht? <\/h5>\n\n\n\n<p><strong>F:<\/strong> Ich\nlese sehr gerne \u2013 vor allem Sachb\u00fccher. Oder gehe mit der Familie oder Freunden\nwas Essen. Nach der Saison steht dann f\u00fcr zwei bis drei Wochen der verdiente\nUrlaub an: Einfach mal in der Sonne liegen und relaxen!<\/p>\n\n\n\n<p><strong>D:<\/strong> Ich\ngolfe sehr gerne \u2013 nat\u00fcrlich vor allem im Sommer. W\u00e4hrend der Saison ist an den\nfreien Tagen vor allem Entspannung angesagt.<\/p>\n\n\n\n<h5 class=\"wp-block-heading\">Gibt es schon einen Plan f\u00fcr die Zeit nach der Karriere? <\/h5>\n\n\n\n<p><strong>D:<\/strong> Wir haben beide einen guten Schulabschluss. Da wird uns zum gegebenen Zeitpunkt sicher noch was einfallen. Erstmal liegt der Fokus in den n\u00e4chsten Jahren jedoch voll auf dem Eishockey.<\/p>\n\n\n\n<p><strong>F:<\/strong> Da habe ich mir noch gar keine Gedanken gemacht. Du lernst in unserem Sport eine Menge Leute kennen und kn\u00fcpfst Kontakte. Was es auch sein wird, wir werden schon etwas Spannendes finden. Irgendwo \u00f6ffnet sich nach der Karriere sicher eine T\u00fcr. \u00a0<\/p>\n\n\n\n<p><em>Du bist schon einen Schritt weiter und schmiedest konkrete Pl\u00e4ne f\u00fcr deine berufliche Zukunft? Dann schau doch mal auf unserer <a rel=\"noreferrer noopener\" href=\"https:\/\/www.bleckmannschulze.de\/?utm_source=bs_blog&amp;utm_medium=referral&amp;utm_campaign=eishockey#stellenangebote\" target=\"_blank\">Stellenb\u00f6rse<\/a> vorbei. Hier findest du spannende Jobs in K\u00f6ln und Umgebung. Sichere die jetzt deinen neuen Job!<\/em><\/p>\n\n\n\n<figure class=\"wp-block-image\"><img decoding=\"async\" loading=\"lazy\" width=\"1200\" height=\"762\" src=\"https:\/\/www.bleckmannschulze.de\/blog\/bs\/wp-content\/uploads\/2019\/10\/Frederik-Tiffels-Textweb.jpg\" alt=\"KEC Spieler Frederik Tiffels\" class=\"wp-image-737\"\/><figcaption><em>KEC-Spieler Frederik Tiffels  <\/em><\/figcaption><\/figure>\n\n\n\n<h5 class=\"wp-block-heading\">Gibt es unter euch einen Konkurrenzkampf, wie das unter Br\u00fcdern schon mal \u00fcblich ist? <\/h5>\n\n\n\n<p><strong>D:<\/strong> Nein, einen echten Konkurrenzkampf gibt es unter uns eigentlich nicht. Wir spielen ja auch auf v\u00f6llig unterschiedlichen Positionen. Doch wir sprechen schon sehr offen \u00fcber alles \u2013 und \u00e4u\u00dfern gegebenenfalls auch mal Kritik. <\/p>\n\n\n\n<p><strong>F:<\/strong> Ich als j\u00fcngerer Bruder wollte fr\u00fcher unbedingt mit Dominik mithalten \u2013 oder sogar besser sein. Doch das war eher eine positive Motivation und kein offener Konkurrenzkampf. Generell w\u00fcnsche ich meinem Bruder immer nur das Beste und will, dass er sportlich seine Ziele erreicht.<\/p>\n\n\n\n<h5 class=\"wp-block-heading\">Was bedeutet es f\u00fcr euch f\u00fcr eure Heimatstadt und den KEC zu spielen? <\/h5>\n\n\n\n<p><strong>D:<\/strong> Es war immer unser gr\u00f6\u00dfter Wunsch. Ob fr\u00fcher beim Streethockey oder sp\u00e4ter dann im Verein. Dass wir dann tats\u00e4chlich einmal gemeinsam beim KEC spielen w\u00fcrden, h\u00e4tten wir uns aber in unseren k\u00fchnsten Tr\u00e4umen nicht vorstellen k\u00f6nnen.<\/p>\n\n\n\n<p><strong>F:<\/strong> Wir wissen es wirklich zu sch\u00e4tzen gemeinsam Profi-Eishockey spielen zu d\u00fcrfen \u2013 und das auch noch bei unserem Heimatverein. Das ist einfach \u00fcberragend!<\/p>\n\n\n\n<h5 class=\"wp-block-heading\">Habt ihr irgendwelche Rituale vor dem Spiel? <\/h5>\n\n\n\n<p><strong>F:<\/strong> Rituale nicht direkt, eher feste Abl\u00e4ufe. Doch die sind ja auch bei jedem Spieltag fest vorgegeben. Ich muss aber beispielsweise nicht mit einem bestimmten Fu\u00df zuerst auf\u2019s Eis \u2026 <\/p>\n\n\n\n<p><strong>D:<\/strong> Bei mir ist es genauso. Ich glaube, eine gewisse Routine tut uns beiden vor den Spielen gut, doch ohne dabei ein total \u201estranges\u201c Muster verfolgen zu m\u00fcssen.<\/p>\n\n\n\n<h5 class=\"wp-block-heading\">Wie w\u00fcrdet ihr euch gegenseitig beschreiben? <\/h5>\n\n\n\n<p><strong>D:<\/strong> Ich\nfang mal an (lacht). Freddy ist in jedem Fall sehr ehrgeizig. Wenn er sich\netwas in den Kopf gesetzt hat, wird er alles daf\u00fcr tun, dieses Ziel auch zu\nerreichen. Manchmal ist er vielleicht noch ein bisschen zu hitzk\u00f6pfig.<\/p>\n\n\n\n<p><strong>F:<\/strong> Dominik\nwirkt in allem sehr \u00fcberlegt \u2013 und l\u00e4sst sich auch in stressigen Situationen\nselten aus der Ruhe bringen. Das finde ich wirklich bemerkenswert. Manchmal\nw\u00fcrde ich mir bei ihm aber auch ein bisschen mehr Emotionen auf dem Eis\nw\u00fcnschen.<\/p>\n\n\n\n<h5 class=\"wp-block-heading\">Wie sehen eure Saisonziele mit den Haien aus? <\/h5>\n\n\n\n<p><strong>F:<\/strong> Nach\nM\u00f6glichkeit wollen wir den Abstand nach vorne ein bisschen verringern. Die\nPlayoffs sollten aber in jedem Fall unser Ziel sein. Und dann ist alles\nm\u00f6glich.<\/p>\n\n\n\n<p><strong>D:<\/strong> Es\nist immer schwer, das Abschneiden in einer Saison vorab zu prognostizieren. Da\nk\u00f6nnen Verletzungen oder andere Faktoren eine Rolle spielen. Aber klar wollen\nwir als K\u00f6lner Haie in den Playoffs eine Rolle spielen.<\/p>\n\n\n\n<p>Als wahre Fans dr\u00fccken die <a href=\"https:\/\/www.bleckmannschulze.de\/#team\">BleckmannSchulze Mitarbeiter<\/a> den Tiffels Br\u00fcdern und dem gesamten Team die Daumen f\u00fcr die Saison. Viel Erfolg, auch f\u00fcr den Platz in den Playoffs! Wir sehen uns am Eis \ud83d\ude42<\/p>\n\n\n\n<figure class=\"wp-block-gallery columns-3 is-cropped wp-block-gallery-1 is-layout-flex\"><ul class=\"blocks-gallery-grid\"><li class=\"blocks-gallery-item\"><figure><img decoding=\"async\" loading=\"lazy\" width=\"1200\" height=\"799\" src=\"https:\/\/www.bleckmannschulze.de\/blog\/bs\/wp-content\/uploads\/2019\/10\/Tiffels2web.jpg\" alt=\"Dominik und Frederik Tiffels haben noch einiges vor in ihrer Karriere.\" data-id=\"740\" data-link=\"https:\/\/www.bleckmannschulze.de\/blog\/bs\/?attachment_id=740\" class=\"wp-image-740\"\/><\/figure><\/li><li class=\"blocks-gallery-item\"><figure><img decoding=\"async\" loading=\"lazy\" width=\"1200\" height=\"799\" src=\"https:\/\/www.bleckmannschulze.de\/blog\/bs\/wp-content\/uploads\/2019\/10\/Tiffels3web.jpg\" alt=\"Powerplay bei den K\u00f6lner Haien.\" data-id=\"741\" data-link=\"https:\/\/www.bleckmannschulze.de\/blog\/bs\/?attachment_id=741\" class=\"wp-image-741\"\/><\/figure><\/li><li class=\"blocks-gallery-item\"><figure><img decoding=\"async\" loading=\"lazy\" width=\"1200\" height=\"669\" src=\"https:\/\/www.bleckmannschulze.de\/blog\/bs\/wp-content\/uploads\/2019\/10\/Tiffels4web.jpg\" alt=\"Als Br\u00fcderpaar beim KEC. Dominik und Frederik Tiffels\" data-id=\"742\" data-link=\"https:\/\/www.bleckmannschulze.de\/blog\/bs\/?attachment_id=742\" class=\"wp-image-742\"\/><\/figure><\/li><li class=\"blocks-gallery-item\"><figure><img decoding=\"async\" loading=\"lazy\" width=\"1200\" height=\"1155\" src=\"https:\/\/www.bleckmannschulze.de\/blog\/bs\/wp-content\/uploads\/2019\/10\/Tiffels5web.jpg\" alt=\"Dominik und Frederik Tiffels auf dem Eis\" data-id=\"743\" data-link=\"https:\/\/www.bleckmannschulze.de\/blog\/bs\/?attachment_id=743\" class=\"wp-image-743\"\/><\/figure><\/li><li class=\"blocks-gallery-item\"><figure><img decoding=\"async\" loading=\"lazy\" width=\"1200\" height=\"837\" src=\"https:\/\/www.bleckmannschulze.de\/blog\/bs\/wp-content\/uploads\/2019\/10\/Tiffels6web.jpg\" alt=\"Als Br\u00fcderpaar bei den K\u00f6lner Haien: Dominik und Frederik Tiffels\" data-id=\"744\" data-link=\"https:\/\/www.bleckmannschulze.de\/blog\/bs\/?attachment_id=744\" class=\"wp-image-744\"\/><\/figure><\/li><\/ul><\/figure>\n\n\n\n<p><em>Bildmaterial Frederik &amp; Dominik Tiffels:  Fotograf Kai Tiegelkamp <\/em><\/p>\n","protected":false},"excerpt":{"rendered":"<p>Die K\u00f6lner Haie sind fest in der k\u00f6lschen Kultur verwurzelt und (fast) genauso Kult wie der Dom. Doch wie ticken die Haie eigentlich? Wie sieht es mit Ritualen im Eishockey aus? Wir hatten die Chance, mit Dominik und Frederik Tiffels \u00fcber den KEC, die Neckereien unter Br\u00fcdern und ihre Heimat K\u00f6ln zu sprechen. &nbsp; Frederik [&hellip;]<\/p>\n","protected":false},"author":4,"featured_media":739,"comment_status":"open","ping_status":"open","sticky":false,"template":"","format":"standard","meta":{"_et_pb_use_builder":"","_et_pb_old_content":"","_et_gb_content_width":"","_mi_skip_tracking":false,"jetpack_post_was_ever_published":false,"jetpack_publicize_message":"","jetpack_is_tweetstorm":false,"jetpack_publicize_feature_enabled":true,"jetpack_social_post_already_shared":true,"jetpack_social_options":[]},"categories":[23],"tags":[109,112,111,110],"jetpack_publicize_connections":[],"yoast_head":"<!-- This site is optimized with the Yoast SEO plugin v20.4 - https:\/\/yoast.com\/wordpress\/plugins\/seo\/ -->\n<title>KEC-Duo: Dominik und Frederik Tiffels im Interview - BleckmannSchulze | Insights<\/title>\n<meta name=\"description\" content=\"BleckmannSchulze geh\u00f6rt in der Saison 2019\/2020 zum Supporter Club des KEC. Mit dem Br\u00fcderpaar Dominik und Frederik Tiffels haben wir ein Interview gef\u00fchrt.\" \/>\n<meta name=\"robots\" content=\"index, follow, max-snippet:-1, max-image-preview:large, max-video-preview:-1\" \/>\n<link rel=\"canonical\" href=\"https:\/\/www.bleckmannschulze.de\/blog\/bs\/2019\/10\/30\/kec-duo-dominik-und-frederik-tiffels-im-interview\/\" \/>\n<meta property=\"og:locale\" content=\"de_DE\" \/>\n<meta property=\"og:type\" content=\"article\" \/>\n<meta property=\"og:title\" content=\"KEC-Duo: Dominik und Frederik Tiffels im Interview - BleckmannSchulze | Insights\" \/>\n<meta property=\"og:description\" content=\"BleckmannSchulze geh\u00f6rt in der Saison 2019\/2020 zum Supporter Club des KEC. Mit dem Br\u00fcderpaar Dominik und Frederik Tiffels haben wir ein Interview gef\u00fchrt.\" \/>\n<meta property=\"og:url\" content=\"https:\/\/www.bleckmannschulze.de\/blog\/bs\/2019\/10\/30\/kec-duo-dominik-und-frederik-tiffels-im-interview\/\" \/>\n<meta property=\"og:site_name\" content=\"BleckmannSchulze | Insights\" \/>\n<meta property=\"article:published_time\" content=\"2019-10-30T07:47:04+00:00\" \/>\n<meta property=\"article:modified_time\" content=\"2021-06-16T08:10:49+00:00\" \/>\n<meta property=\"og:image\" content=\"https:\/\/www.bleckmannschulze.de\/blog\/bs\/wp-content\/uploads\/2019\/10\/Tiffels1web.jpg\" \/>\n\t<meta property=\"og:image:width\" content=\"1200\" \/>\n\t<meta property=\"og:image:height\" content=\"727\" \/>\n\t<meta property=\"og:image:type\" content=\"image\/jpeg\" \/>\n<meta name=\"author\" content=\"Lena Henning\" \/>\n<meta name=\"twitter:card\" content=\"summary_large_image\" \/>\n<meta name=\"twitter:label1\" content=\"Verfasst von\" \/>\n\t<meta name=\"twitter:data1\" content=\"Lena Henning\" \/>\n\t<meta name=\"twitter:label2\" content=\"Gesch\u00e4tzte Lesezeit\" \/>\n\t<meta name=\"twitter:data2\" content=\"7 Minuten\" \/>\n<script type=\"application\/ld+json\" class=\"yoast-schema-graph\">{\"@context\":\"https:\/\/schema.org\",\"@graph\":[{\"@type\":\"WebPage\",\"@id\":\"https:\/\/www.bleckmannschulze.de\/blog\/bs\/2019\/10\/30\/kec-duo-dominik-und-frederik-tiffels-im-interview\/\",\"url\":\"https:\/\/www.bleckmannschulze.de\/blog\/bs\/2019\/10\/30\/kec-duo-dominik-und-frederik-tiffels-im-interview\/\",\"name\":\"KEC-Duo: Dominik und Frederik Tiffels im Interview - BleckmannSchulze | Insights\",\"isPartOf\":{\"@id\":\"https:\/\/www.bleckmannschulze.de\/blog\/bs\/#website\"},\"datePublished\":\"2019-10-30T07:47:04+00:00\",\"dateModified\":\"2021-06-16T08:10:49+00:00\",\"author\":{\"@id\":\"https:\/\/www.bleckmannschulze.de\/blog\/bs\/#\/schema\/person\/71e95948f94085ba1163faa073340d67\"},\"description\":\"BleckmannSchulze geh\u00f6rt in der Saison 2019\/2020 zum Supporter Club des KEC. Mit dem Br\u00fcderpaar Dominik und Frederik Tiffels haben wir ein Interview gef\u00fchrt.\",\"breadcrumb\":{\"@id\":\"https:\/\/www.bleckmannschulze.de\/blog\/bs\/2019\/10\/30\/kec-duo-dominik-und-frederik-tiffels-im-interview\/#breadcrumb\"},\"inLanguage\":\"de-DE\",\"potentialAction\":[{\"@type\":\"ReadAction\",\"target\":[\"https:\/\/www.bleckmannschulze.de\/blog\/bs\/2019\/10\/30\/kec-duo-dominik-und-frederik-tiffels-im-interview\/\"]}]},{\"@type\":\"BreadcrumbList\",\"@id\":\"https:\/\/www.bleckmannschulze.de\/blog\/bs\/2019\/10\/30\/kec-duo-dominik-und-frederik-tiffels-im-interview\/#breadcrumb\",\"itemListElement\":[{\"@type\":\"ListItem\",\"position\":1,\"name\":\"Startseite\",\"item\":\"https:\/\/www.bleckmannschulze.de\/blog\/bs\/\"},{\"@type\":\"ListItem\",\"position\":2,\"name\":\"KEC-Duo: Dominik und Frederik Tiffels im Interview\"}]},{\"@type\":\"WebSite\",\"@id\":\"https:\/\/www.bleckmannschulze.de\/blog\/bs\/#website\",\"url\":\"https:\/\/www.bleckmannschulze.de\/blog\/bs\/\",\"name\":\"BleckmannSchulze | Insights\",\"description\":\"\",\"potentialAction\":[{\"@type\":\"SearchAction\",\"target\":{\"@type\":\"EntryPoint\",\"urlTemplate\":\"https:\/\/www.bleckmannschulze.de\/blog\/bs\/?s={search_term_string}\"},\"query-input\":\"required name=search_term_string\"}],\"inLanguage\":\"de-DE\"},{\"@type\":\"Person\",\"@id\":\"https:\/\/www.bleckmannschulze.de\/blog\/bs\/#\/schema\/person\/71e95948f94085ba1163faa073340d67\",\"name\":\"Lena Henning\",\"description\":\"F\u00fcr BS pendle ich unter der Woche in das f\u00fcr D\u00fcsseldorfer \u201everbotene\u201c K\u00f6ln. Ich bin erste Anlaufstelle f\u00fcr alle Themen rund um das On- sowie Offline-Marketing und k\u00fcmmere mich um den Auf- uns Ausbau unseres Pressebereichs. Privat bin ich Fan von Tanz, Yoga, Kunst und Antiquit\u00e4ten \u2013 ach ja: und von Humor. :-)\",\"url\":\"https:\/\/www.bleckmannschulze.de\/blog\/bs\/author\/lena\/\"}]}<\/script>\n<!-- \/ Yoast SEO plugin. -->","yoast_head_json":{"title":"KEC-Duo: Dominik und Frederik Tiffels im Interview - BleckmannSchulze | Insights","description":"BleckmannSchulze geh\u00f6rt in der Saison 2019\/2020 zum Supporter Club des KEC. Mit dem Br\u00fcderpaar Dominik und Frederik Tiffels haben wir ein Interview gef\u00fchrt.","robots":{"index":"index","follow":"follow","max-snippet":"max-snippet:-1","max-image-preview":"max-image-preview:large","max-video-preview":"max-video-preview:-1"},"canonical":"https:\/\/www.bleckmannschulze.de\/blog\/bs\/2019\/10\/30\/kec-duo-dominik-und-frederik-tiffels-im-interview\/","og_locale":"de_DE","og_type":"article","og_title":"KEC-Duo: Dominik und Frederik Tiffels im Interview - BleckmannSchulze | Insights","og_description":"BleckmannSchulze geh\u00f6rt in der Saison 2019\/2020 zum Supporter Club des KEC. Mit dem Br\u00fcderpaar Dominik und Frederik Tiffels haben wir ein Interview gef\u00fchrt.","og_url":"https:\/\/www.bleckmannschulze.de\/blog\/bs\/2019\/10\/30\/kec-duo-dominik-und-frederik-tiffels-im-interview\/","og_site_name":"BleckmannSchulze | Insights","article_published_time":"2019-10-30T07:47:04+00:00","article_modified_time":"2021-06-16T08:10:49+00:00","og_image":[{"width":1200,"height":727,"url":"https:\/\/www.bleckmannschulze.de\/blog\/bs\/wp-content\/uploads\/2019\/10\/Tiffels1web.jpg","type":"image\/jpeg"}],"author":"Lena Henning","twitter_card":"summary_large_image","twitter_misc":{"Verfasst von":"Lena Henning","Gesch\u00e4tzte Lesezeit":"7 Minuten"},"schema":{"@context":"https:\/\/schema.org","@graph":[{"@type":"WebPage","@id":"https:\/\/www.bleckmannschulze.de\/blog\/bs\/2019\/10\/30\/kec-duo-dominik-und-frederik-tiffels-im-interview\/","url":"https:\/\/www.bleckmannschulze.de\/blog\/bs\/2019\/10\/30\/kec-duo-dominik-und-frederik-tiffels-im-interview\/","name":"KEC-Duo: Dominik und Frederik Tiffels im Interview - BleckmannSchulze | Insights","isPartOf":{"@id":"https:\/\/www.bleckmannschulze.de\/blog\/bs\/#website"},"datePublished":"2019-10-30T07:47:04+00:00","dateModified":"2021-06-16T08:10:49+00:00","author":{"@id":"https:\/\/www.bleckmannschulze.de\/blog\/bs\/#\/schema\/person\/71e95948f94085ba1163faa073340d67"},"description":"BleckmannSchulze geh\u00f6rt in der Saison 2019\/2020 zum Supporter Club des KEC. Mit dem Br\u00fcderpaar Dominik und Frederik Tiffels haben wir ein Interview gef\u00fchrt.","breadcrumb":{"@id":"https:\/\/www.bleckmannschulze.de\/blog\/bs\/2019\/10\/30\/kec-duo-dominik-und-frederik-tiffels-im-interview\/#breadcrumb"},"inLanguage":"de-DE","potentialAction":[{"@type":"ReadAction","target":["https:\/\/www.bleckmannschulze.de\/blog\/bs\/2019\/10\/30\/kec-duo-dominik-und-frederik-tiffels-im-interview\/"]}]},{"@type":"BreadcrumbList","@id":"https:\/\/www.bleckmannschulze.de\/blog\/bs\/2019\/10\/30\/kec-duo-dominik-und-frederik-tiffels-im-interview\/#breadcrumb","itemListElement":[{"@type":"ListItem","position":1,"name":"Startseite","item":"https:\/\/www.bleckmannschulze.de\/blog\/bs\/"},{"@type":"ListItem","position":2,"name":"KEC-Duo: Dominik und Frederik Tiffels im Interview"}]},{"@type":"WebSite","@id":"https:\/\/www.bleckmannschulze.de\/blog\/bs\/#website","url":"https:\/\/www.bleckmannschulze.de\/blog\/bs\/","name":"BleckmannSchulze | Insights","description":"","potentialAction":[{"@type":"SearchAction","target":{"@type":"EntryPoint","urlTemplate":"https:\/\/www.bleckmannschulze.de\/blog\/bs\/?s={search_term_string}"},"query-input":"required name=search_term_string"}],"inLanguage":"de-DE"},{"@type":"Person","@id":"https:\/\/www.bleckmannschulze.de\/blog\/bs\/#\/schema\/person\/71e95948f94085ba1163faa073340d67","name":"Lena Henning","description":"F\u00fcr BS pendle ich unter der Woche in das f\u00fcr D\u00fcsseldorfer \u201everbotene\u201c K\u00f6ln. Ich bin erste Anlaufstelle f\u00fcr alle Themen rund um das On- sowie Offline-Marketing und k\u00fcmmere mich um den Auf- uns Ausbau unseres Pressebereichs. Privat bin ich Fan von Tanz, Yoga, Kunst und Antiquit\u00e4ten \u2013 ach ja: und von Humor. :-)","url":"https:\/\/www.bleckmannschulze.de\/blog\/bs\/author\/lena\/"}]}},"jetpack_featured_media_url":"https:\/\/www.bleckmannschulze.de\/blog\/bs\/wp-content\/uploads\/2019\/10\/Tiffels1web.jpg","jetpack_sharing_enabled":true,"jetpack_shortlink":"https:\/\/wp.me\/p7PzL6-bN","jetpack-related-posts":[{"id":837,"url":"https:\/\/www.bleckmannschulze.de\/blog\/bs\/2019\/12\/16\/sharky-hautnah-bleckmannschulze-und-die-koelner-haie\/","url_meta":{"origin":731,"position":0},"title":"BleckmannSchulze und die K\u00f6lner Haie &#8211; Sharky hautnah!","date":"16. Dezember 2019","format":false,"excerpt":"Was haben die K\u00f6lner Haie und BleckmannSchulze gemeinsam? Richtig, beide sind K\u00f6lner Urgesteine und somit \u201etypisch K\u00f6lsch\u201c. Obwohl ich schon lange in K\u00f6ln lebe, habe ich es dennoch nie zu den K\u00f6lner Haien geschafft. Umso mehr habe ich mich gefreut, als ich bei BleckmannSchulze zwei Karten f\u00fcr ein KEC-Spiel gewonnen\u2026","rel":"","context":"In &quot;\u00dcber uns&quot;","img":{"alt_text":"K\u00f6lner Haie in Aktion","src":"https:\/\/i0.wp.com\/www.bleckmannschulze.de\/blog\/bs\/wp-content\/uploads\/2019\/12\/Titelbild-KEC.jpg?resize=350%2C200&ssl=1","width":350,"height":200},"classes":[]},{"id":359,"url":"https:\/\/www.bleckmannschulze.de\/blog\/bs\/2018\/02\/28\/denis-lothmann-tagsueber-staplerfahrer-abends-inlinehockey\/","url_meta":{"origin":731,"position":1},"title":"Denis Lothmann: Tags\u00fcber Staplerfahrer, abends Inlinehockey","date":"28. Februar 2018","format":false,"excerpt":"Mein Hobby mit meinem Beruf in Einklang zu bringen, ist mir wichtig. Arbeiten bei BleckmannSchulze macht genau dies f\u00fcr mich m\u00f6glich: Ich \u00fcbe einen\u00a0Job aus, der mich erf\u00fcllt, bin von einem tollen Team umgeben und habe gen\u00fcgend Freizeit, um meinem Hobby nachzugehen: dem Inlinehockey beim HC K\u00f6ln West. Kollegen geh\u00f6ren\u2026","rel":"","context":"In &quot;Mitarbeiter im Portrait&quot;","img":{"alt_text":"tags\u00fcber Staplerfahrer bei BleckmannSchulze, abends Inlinehockey","src":"https:\/\/i0.wp.com\/www.bleckmannschulze.de\/blog\/bs\/wp-content\/uploads\/2018\/02\/Inlinehockey-Titel.jpg?resize=350%2C200&ssl=1","width":350,"height":200},"classes":[]},{"id":571,"url":"https:\/\/www.bleckmannschulze.de\/blog\/bs\/2019\/03\/01\/fachkraefteangel-die-werbekampagne-in-koeln\/","url_meta":{"origin":731,"position":2},"title":"Fachkr\u00e4fteangel: Die Werbekampagne in K\u00f6ln","date":"1. M\u00e4rz 2019","format":false,"excerpt":"\u201eWir haben die Besten am Haken.\u201c \u201eAngeln Sie sich die Besten!\u201c Eine dieser Aussagen ist Ihnen auf einer digitalen Anzeige im K\u00f6lner Stra\u00dfenverkehr mit dem Begriff \u201eFachkr\u00e4fteangel\u201c begegnet. Nun sind Sie neugierig? Was es damit auf sich hat, erfahren Sie in diesem Beitrag. \u201eFachkr\u00e4fteangel\u201c?! Die \u201eFachkr\u00e4fteangel\u201c ist Dreh- und Angelpunkt\u2026","rel":"","context":"In &quot;Im Dialog&quot;","img":{"alt_text":"Fachkr\u00e4fteangel.de \u2013 Wir haben die besten am Haken","src":"https:\/\/i0.wp.com\/www.bleckmannschulze.de\/blog\/bs\/wp-content\/uploads\/2019\/02\/Fachkraefteangel.jpg?resize=350%2C200&ssl=1","width":350,"height":200},"classes":[]},{"id":315,"url":"https:\/\/www.bleckmannschulze.de\/blog\/bs\/2018\/01\/19\/top-arbeitgeber-mittelstand-bleckmannschulze-in-koeln\/","url_meta":{"origin":731,"position":3},"title":"Top Arbeitgeber Mittelstand: BleckmannSchulze in K\u00f6ln","date":"19. Januar 2018","format":false,"excerpt":"BleckmannSchulze in K\u00f6ln belegt als Top Arbeitgeber Mittelstand 2018 in der \u201eDACH\u201c-Region (Deutschland, \u00d6sterreich, Schweiz; laut kununu und FOCUS) eine Platzierung in den Top 10! Nachdem wir k\u00fcrzlich zu einem der familienfreundlichsten Unternehmen Deutschlands gek\u00fcrt wurden, sind wir doppelt stolz. Wie kommt diese Auszeichnung zustande? Das ist leicht zu beantworten:\u2026","rel":"","context":"In &quot;\u00dcber uns&quot;","img":{"alt_text":"BleckmannSchulze aus K\u00f6ln wurde von Focus zum Top-Arbeitgeber im Mittelstand gew\u00e4hlt","src":"https:\/\/i0.wp.com\/www.bleckmannschulze.de\/blog\/bs\/wp-content\/uploads\/2018\/01\/Top-Arbeitgeber-Mittelstand.jpg?resize=350%2C200&ssl=1","width":350,"height":200},"classes":[]},{"id":433,"url":"https:\/\/www.bleckmannschulze.de\/blog\/bs\/2018\/06\/29\/erfolgsfaktoren-im-recruiting\/","url_meta":{"origin":731,"position":4},"title":"Erfolgsfaktoren im Recruiting \u2013 Flaschenhals Fachbereich?","date":"29. Juni 2018","format":false,"excerpt":"Der Bewerbermarkt ist hart umk\u00e4mpft. Gute Mitarbeiter zu rekrutieren, stellt die Herausforderung f\u00fcr Sie als Arbeitgeber dar. Die durchschnittliche Vakanzzeit betr\u00e4gt \u00fcber alle Berufe im Vergleich zum Vorjahr nun 102 Tage (+ 7 Tage). Was bedeutet das f\u00fcr Sie als Unternehmen? Wie steht es um Ihren Bewerbungsprozess?\u00a0Nehmen Sie sich aus\u2026","rel":"","context":"In &quot;Im Dialog&quot;","img":{"alt_text":"Erfolgsfaktoren im Recruiting","src":"https:\/\/i0.wp.com\/www.bleckmannschulze.de\/blog\/bs\/wp-content\/uploads\/2018\/06\/Erfolgsfaktoren-f\u00fcr-Recruiting.jpg?resize=350%2C200&ssl=1","width":350,"height":200},"classes":[]},{"id":528,"url":"https:\/\/www.bleckmannschulze.de\/blog\/bs\/2018\/11\/28\/bester-dienstleister-2019-platz-1-fuer-bleckmannschulze\/","url_meta":{"origin":731,"position":5},"title":"Bester Dienstleister 2019: 1. Platz f\u00fcr BleckmannSchulze!","date":"28. November 2018","format":false,"excerpt":"BS News: K\u00f6ln, 27. November 2018. BleckmannSchulze in K\u00f6ln erh\u00e4lt die Auszeichnung \u201eBester Dienstleister 2019\u201c und best\u00e4tigt damit die eigene Vorreiterrolle in der Personaldienstleistung im deutschsprachigen Raum. Das Unternehmen setzt sich gegen \u00fcber 13.000 Konkurrenten bei kununu durch \u2013 darauf ist das BleckmannSchulze Team nat\u00fcrlich stolz wie Bolle! Bester Dienstleister\u2026","rel":"","context":"In &quot;\u00dcber uns&quot;","img":{"alt_text":"Bester Dientstleister 2019 ist BleckmannSchulze aus K\u00f6ln","src":"https:\/\/i0.wp.com\/www.bleckmannschulze.de\/blog\/bs\/wp-content\/uploads\/2018\/11\/Bester-Dienstleister-2019.jpg?resize=350%2C200&ssl=1","width":350,"height":200},"classes":[]}],"_links":{"self":[{"href":"https:\/\/www.bleckmannschulze.de\/blog\/bs\/wp-json\/wp\/v2\/posts\/731"}],"collection":[{"href":"https:\/\/www.bleckmannschulze.de\/blog\/bs\/wp-json\/wp\/v2\/posts"}],"about":[{"href":"https:\/\/www.bleckmannschulze.de\/blog\/bs\/wp-json\/wp\/v2\/types\/post"}],"author":[{"embeddable":true,"href":"https:\/\/www.bleckmannschulze.de\/blog\/bs\/wp-json\/wp\/v2\/users\/4"}],"replies":[{"embeddable":true,"href":"https:\/\/www.bleckmannschulze.de\/blog\/bs\/wp-json\/wp\/v2\/comments?post=731"}],"version-history":[{"count":28,"href":"https:\/\/www.bleckmannschulze.de\/blog\/bs\/wp-json\/wp\/v2\/posts\/731\/revisions"}],"predecessor-version":[{"id":990,"href":"https:\/\/www.bleckmannschulze.de\/blog\/bs\/wp-json\/wp\/v2\/posts\/731\/revisions\/990"}],"wp:featuredmedia":[{"embeddable":true,"href":"https:\/\/www.bleckmannschulze.de\/blog\/bs\/wp-json\/wp\/v2\/media\/739"}],"wp:attachment":[{"href":"https:\/\/www.bleckmannschulze.de\/blog\/bs\/wp-json\/wp\/v2\/media?parent=731"}],"wp:term":[{"taxonomy":"category","embeddable":true,"href":"https:\/\/www.bleckmannschulze.de\/blog\/bs\/wp-json\/wp\/v2\/categories?post=731"},{"taxonomy":"post_tag","embeddable":true,"href":"https:\/\/www.bleckmannschulze.de\/blog\/bs\/wp-json\/wp\/v2\/tags?post=731"}],"curies":[{"name":"wp","href":"https:\/\/api.w.org\/{rel}","templated":true}]}}