{"id":666,"date":"2019-07-31T10:37:05","date_gmt":"2019-07-31T08:37:05","guid":{"rendered":"https:\/\/www.bleckmannschulze.de\/blog\/bs\/?p=666"},"modified":"2021-02-09T12:23:27","modified_gmt":"2021-02-09T11:23:27","slug":"urlaubstipps-der-personalberater-wo-gehts-hin","status":"publish","type":"post","link":"https:\/\/www.bleckmannschulze.de\/blog\/bs\/2019\/07\/31\/urlaubstipps-der-personalberater-wo-gehts-hin\/","title":{"rendered":"Urlaubstipps der Personalberater: Wo geht\u2019s hin?"},"content":{"rendered":"\n<p><strong>Ferienzeit ist Urlaubszeit. \u00dcberf\u00fcllte St\u00e4dte oder Langeweile auf Balkonien? Nicht mit dem BleckmannSchulze Team! Holen Sie sich Ihre Last-Minute Urlaubstipps von unseren Personalberaterinnen. Wo verschl\u00e4gt es das <a href=\"https:\/\/www.bleckmannschulze.de\/blog\/bs\/2017\/01\/25\/so-verschieden-und-doch-so-gleich-das-bleckmannschulze-team\/\">BleckmannSchulze Team<\/a> dieses Jahr hin? Ich habe nachgefragt.<\/strong><\/p>\n\n\n\n<h4 class=\"wp-block-heading\">Antje Kenn \u2013 die aktive Entspannerin<\/h4>\n\n\n\n<p><strong>Meer \u2013 Natur \u2013 Hotel \u2013 Auto \u2013 W\u00e4rme \u2013 Aktivurlaub \u2013 Ausland \u2013 \u201eAll-in\u201c<\/strong><\/p>\n\n\n\n<h5 class=\"wp-block-heading\">Was sind deine Top 3 Reiseziele?&nbsp;<\/h5>\n\n\n\n<p>Ich reise gerne nach \u00d6sterreich. Besonders die Berge und die klassisch-deftige K\u00fcche haben es mir dort angetan. Seichte Gew\u00e4sser liebe ich jedoch genauso. Deshalb verbringe ich meinen Urlaub auch gern am Mittelmeer. Zu meinen Top 3 Reisezielen geh\u00f6rt au\u00dferdem Kanada. Dort m\u00f6chte ich unbedingt eine Rundreise mit dem Campingbus machen.&nbsp;<\/p>\n\n\n\n<figure class=\"wp-block-image\"><img decoding=\"async\" loading=\"lazy\" width=\"1280\" height=\"960\" src=\"https:\/\/www.bleckmannschulze.de\/blog\/bs\/wp-content\/uploads\/2019\/07\/Urlaub1.jpg\" alt=\"Urlaubstipps Antje Kenn\" class=\"wp-image-667\"\/><figcaption><em>Antje Kenn mag den Kontrast. Hier ist sie mit ihrer Familie in \u00d6sterreich in den Bergen \u201eon tour\u201c.<\/em><\/figcaption><\/figure>\n\n\n\n<h5 class=\"wp-block-heading\">Wo und wie verbringst du dieses Jahr deinen Sommerurlaub?<\/h5>\n\n\n\n<p>In einer\u00a0kinderfreundlichen \u201eAll-In\u201c-Anlage in Serfaus in \u00d6sterreich. F\u00fcr uns bedeutet das: Wellness- und Aktivurlaub in einem. Von Wandertouren \u00fcber den Besuch des hauseigenen BeachClubs ist alles dabei.\u00a0<\/p>\n\n\n\n<h5 class=\"wp-block-heading\">Was darf in deinem Urlaub nicht fehlen?<\/h5>\n\n\n\n<p>Gute B\u00fccher, Sonnencreme, Badeanzug, ein Sonnenhut und meine Wanderschuhe. So bin ich f\u00fcr jegliche Urlaubsform gut ger\u00fcstet.&nbsp;<\/p>\n\n\n\n<figure class=\"wp-block-image\"><img decoding=\"async\" loading=\"lazy\" width=\"1258\" height=\"943\" src=\"https:\/\/www.bleckmannschulze.de\/blog\/bs\/wp-content\/uploads\/2019\/07\/Urlaub2.jpg\" alt=\"Antje Kenn im Urlaub\" class=\"wp-image-668\"\/><figcaption><em>Antje Kenn beim R\u00e4tseln mit einer ihrer T\u00f6chter im Sommerurlaub. Was darf nicht fehlen? Der Sonnenhut!<\/em><\/figcaption><\/figure>\n\n\n\n<h4 class=\"wp-block-heading\">Petra Land-McGraw \u2013 die entschleunigte Genie\u00dferin<\/h4>\n\n\n\n<p><strong>Meer &amp; Berge \u2013 Natur \u2013 Hotel \u2013 Auto \u2013 Schnee \u2013 Wellnessurlaub \u2013 Deutschland \u2013 Selbstversorger&nbsp;<\/strong><\/p>\n\n\n\n<h5 class=\"wp-block-heading\">Wie sieht dein perfekter Urlaub aus?<\/h5>\n\n\n\n<p>Mein perfekter Urlaub zeichnet sich durch Ruhe aus: Entspannt ausschlafen und in den Tag hineinleben. Der perfekte Kontrast zu meinem sonst sehr schnelllebigen und durchgetakteten Alltag. Die Freiheit, Autonomie und Langsamkeit genie\u00dfe ich dann in vollen Z\u00fcgen.&nbsp;<\/p>\n\n\n\n<h5 class=\"wp-block-heading\">Was sind deine Urlaubstipps f\u00fcr den Sommer auf \u201eBalkonien\u201c bzw. Sommerurlaub zu Hause?<\/h5>\n\n\n\n<p>\u201e<a href=\"https:\/\/www.selfapy.de\/blog\/wohlbefinden\/digital-detox-mit-diesen-tipps-klappt-die-digitale-entgiftung\/\">Digital Detox<\/a>\u201c. Das Handy beiseitelegen, um sich von der digitalen Umwelt abzukapseln und die Ruhe genie\u00dfen zu k\u00f6nnen. Ich denke, dass das einen gro\u00dfen Einfluss auf die langfristige k\u00f6rperliche und physische Gesundheit hat. Im Alltag ist das Handy meist von morgens bis abends mein treuer Begleiter. Deshalb genie\u00dfe ich meine \u201ehandyfreie Zeit\u201c im Urlaub sehr.&nbsp;<\/p>\n\n\n\n<figure class=\"wp-block-image\"><img decoding=\"async\" loading=\"lazy\" width=\"1837\" height=\"1223\" src=\"https:\/\/www.bleckmannschulze.de\/blog\/bs\/wp-content\/uploads\/2019\/07\/Urlaub3.jpg\" alt=\"Urlaubstipps Petra Land-McGraw\" class=\"wp-image-669\"\/><figcaption><em>Petra Land-McGraw genie\u00dft in ihrem Urlaub vor allem das Offline-sein. In Anbetracht ihrer gem\u00fctlichen Terrasse daheim sicher ein Klacks!<\/em><\/figcaption><\/figure>\n\n\n\n<h5 class=\"wp-block-heading\">Auf was freust du dich diesen Sommer am meisten?<\/h5>\n\n\n\n<p>Meine Lieblingsjahreszeit ist der Herbst. Im Sommer freue ich mich eher, wenn es mal regnet ;). Dann kann ich es mir zu Hause richtig gem\u00fctlich machen und einen entspannten Abend verbringen.&nbsp;<\/p>\n\n\n\n<h4 class=\"wp-block-heading\">Marion Schuhmacher \u2013 die strandliebende Spontane<\/h4>\n\n\n\n<p><strong>Meer \u2013 Natur \u2013 Hotel \u2013 Flugzeug \u2013 W\u00e4rme \u2013 Wellnessurlaub \u2013 Ausland \u2013 Selbstversorger<\/strong>&nbsp;<\/p>\n\n\n\n<h5 class=\"wp-block-heading\">Wie verbringst du deinen Sommerurlaub typischerweise?<\/h5>\n\n\n\n<p>Am liebsten mit einem guten Buch in der Hand und guter Musik im Hintergrund \u2013 Auf jeden Fall entspannt! Strand und Meer geh\u00f6ren f\u00fcr mich im Sommer dazu. Am Strand kann ich abschalten und schaffe es so, mich optimal auszuruhen.&nbsp;<\/p>\n\n\n\n<figure class=\"wp-block-image\"><img decoding=\"async\" loading=\"lazy\" width=\"960\" height=\"720\" src=\"https:\/\/www.bleckmannschulze.de\/blog\/bs\/wp-content\/uploads\/2019\/07\/Urlaub4.jpg\" alt=\"Urlaubstipps Marion Schumacher\" class=\"wp-image-670\"\/><figcaption><em>Strand und Meer sind f\u00fcr Marion Schumacher im Sommerurlaub \u201eMust-haves\u201c. Hier ein Foto von der Costa del Sol in S\u00fcdspanien.<\/em><\/figcaption><\/figure>\n\n\n\n<h5 class=\"wp-block-heading\">Wie planst du deinen Sommerurlaub?<\/h5>\n\n\n\n<p>Meine Urlaube buche ich spontan ohne lange Vorausplanung. So kann ich mich immer neu entscheiden, worauf ich dieses Jahr Lust habe. Au\u00dferdem bin ich zeitlich flexibel und kann meinen Urlaub ohne Probleme kurzfristig planen und buchen.&nbsp;<\/p>\n\n\n\n<h5 class=\"wp-block-heading\">Was war bisher dein sch\u00f6nster Urlaub?<\/h5>\n\n\n\n<p>F\u00fcr mich waren bisher alle Urlaube sch\u00f6n. Jeder Urlaub, egal ob kurz oder lang, sorgt bei mir f\u00fcr&nbsp;<a href=\"https:\/\/www.bs-frielingsdorf.de\/blog\/frielingsdorf\/2019\/06\/25\/3-entspannungstipps-fuer-ihren-feierabend\/\">Entspannung und neue Energie<\/a>. So gelingt es mir, im Anschluss mit geballter Kraft und Motivation wieder im Alltag durchzustarten.&nbsp;<\/p>\n\n\n\n<h4 class=\"wp-block-heading\">BleckmannSchulze w\u00fcnscht einen sch\u00f6nen Sommer!<\/h4>\n\n\n\n<p>Ganz gleich wo es diesen Sommer hingeht \u2013 Balkonien, Nah- oder Fernreise \u2013 Urlaub tut einfach immer gut! Und vielleicht wird Ihr Urlaub dieses Jahr mit den Urlaubstipps unseres&nbsp;<a href=\"https:\/\/www.bleckmannschulze.de\/\">BleckmannSchulze Teams<\/a> noch ein kleines bisschen perfekter. Genie\u00dfen Sie auf jeden Fall Ihre Zeit!<\/p>\n\n\n\n<p><\/p>\n\n\n\n<p><em>Beitragsbild: \u00a9&nbsp;<a href=\"https:\/\/www.istockphoto.com\/de\/portfolio\/hocus-focus?assettype=image&amp;mediatype=photography&amp;sort=best\">hocus-focus<\/a>&nbsp;\u2013&nbsp;istock.com<\/em><\/p>\n","protected":false},"excerpt":{"rendered":"<p>Ferienzeit ist Urlaubszeit. \u00dcberf\u00fcllte St\u00e4dte oder Langeweile auf Balkonien? Nicht mit dem BleckmannSchulze Team! Holen Sie sich Ihre Last-Minute Urlaubstipps von unseren Personalberaterinnen. Wo verschl\u00e4gt es das BleckmannSchulze Team dieses Jahr hin? Ich habe nachgefragt. Antje Kenn \u2013 die aktive Entspannerin Meer \u2013 Natur \u2013 Hotel \u2013 Auto \u2013 W\u00e4rme \u2013 Aktivurlaub \u2013 Ausland \u2013 [&hellip;]<\/p>\n","protected":false},"author":4,"featured_media":678,"comment_status":"open","ping_status":"open","sticky":false,"template":"","format":"standard","meta":{"_et_pb_use_builder":"","_et_pb_old_content":"","_et_gb_content_width":"","_mi_skip_tracking":false,"jetpack_post_was_ever_published":false,"jetpack_publicize_message":"","jetpack_is_tweetstorm":false,"jetpack_publicize_feature_enabled":true,"jetpack_social_post_already_shared":true,"jetpack_social_options":[]},"categories":[1],"tags":[12,102,101],"jetpack_publicize_connections":[],"yoast_head":"<!-- This site is optimized with the Yoast SEO plugin v20.4 - https:\/\/yoast.com\/wordpress\/plugins\/seo\/ -->\n<title>Urlaubstipps der Personalberater: Wo geht\u2019s hin? - BS Blog<\/title>\n<meta name=\"description\" content=\"Ob Balkonien oder Mittelmeer \u2013 Urlaub tut einfach immer gut! Hier erfahren Sie unsere Urlaubstipps. Das BleckmannSchulze Team w\u00fcnscht eine sch\u00f6ne Zeit!\" \/>\n<meta name=\"robots\" content=\"index, follow, max-snippet:-1, max-image-preview:large, max-video-preview:-1\" \/>\n<link rel=\"canonical\" href=\"https:\/\/www.bleckmannschulze.de\/blog\/bs\/2019\/07\/31\/urlaubstipps-der-personalberater-wo-gehts-hin\/\" \/>\n<meta property=\"og:locale\" content=\"de_DE\" \/>\n<meta property=\"og:type\" content=\"article\" \/>\n<meta property=\"og:title\" content=\"Urlaubstipps der Personalberater: Wo geht\u2019s hin? - BS Blog\" \/>\n<meta property=\"og:description\" content=\"Ob Balkonien oder Mittelmeer \u2013 Urlaub tut einfach immer gut! Hier erfahren Sie unsere Urlaubstipps. Das BleckmannSchulze Team w\u00fcnscht eine sch\u00f6ne Zeit!\" \/>\n<meta property=\"og:url\" content=\"https:\/\/www.bleckmannschulze.de\/blog\/bs\/2019\/07\/31\/urlaubstipps-der-personalberater-wo-gehts-hin\/\" \/>\n<meta property=\"og:site_name\" content=\"BleckmannSchulze | Insights\" \/>\n<meta property=\"article:published_time\" content=\"2019-07-31T08:37:05+00:00\" \/>\n<meta property=\"article:modified_time\" content=\"2021-02-09T11:23:27+00:00\" \/>\n<meta property=\"og:image\" content=\"https:\/\/www.bleckmannschulze.de\/blog\/bs\/wp-content\/uploads\/2019\/07\/Urlaubstipps.jpg\" \/>\n\t<meta property=\"og:image:width\" content=\"1254\" \/>\n\t<meta property=\"og:image:height\" content=\"836\" \/>\n\t<meta property=\"og:image:type\" content=\"image\/jpeg\" \/>\n<meta name=\"author\" content=\"Lena Henning\" \/>\n<meta name=\"twitter:card\" content=\"summary_large_image\" \/>\n<meta name=\"twitter:label1\" content=\"Verfasst von\" \/>\n\t<meta name=\"twitter:data1\" content=\"Lena Henning\" \/>\n\t<meta name=\"twitter:label2\" content=\"Gesch\u00e4tzte Lesezeit\" \/>\n\t<meta name=\"twitter:data2\" content=\"3 Minuten\" \/>\n<script type=\"application\/ld+json\" class=\"yoast-schema-graph\">{\"@context\":\"https:\/\/schema.org\",\"@graph\":[{\"@type\":\"WebPage\",\"@id\":\"https:\/\/www.bleckmannschulze.de\/blog\/bs\/2019\/07\/31\/urlaubstipps-der-personalberater-wo-gehts-hin\/\",\"url\":\"https:\/\/www.bleckmannschulze.de\/blog\/bs\/2019\/07\/31\/urlaubstipps-der-personalberater-wo-gehts-hin\/\",\"name\":\"Urlaubstipps der Personalberater: Wo geht\u2019s hin? - BS Blog\",\"isPartOf\":{\"@id\":\"https:\/\/www.bleckmannschulze.de\/blog\/bs\/#website\"},\"datePublished\":\"2019-07-31T08:37:05+00:00\",\"dateModified\":\"2021-02-09T11:23:27+00:00\",\"author\":{\"@id\":\"https:\/\/www.bleckmannschulze.de\/blog\/bs\/#\/schema\/person\/71e95948f94085ba1163faa073340d67\"},\"description\":\"Ob Balkonien oder Mittelmeer \u2013 Urlaub tut einfach immer gut! Hier erfahren Sie unsere Urlaubstipps. Das BleckmannSchulze Team w\u00fcnscht eine sch\u00f6ne Zeit!\",\"breadcrumb\":{\"@id\":\"https:\/\/www.bleckmannschulze.de\/blog\/bs\/2019\/07\/31\/urlaubstipps-der-personalberater-wo-gehts-hin\/#breadcrumb\"},\"inLanguage\":\"de-DE\",\"potentialAction\":[{\"@type\":\"ReadAction\",\"target\":[\"https:\/\/www.bleckmannschulze.de\/blog\/bs\/2019\/07\/31\/urlaubstipps-der-personalberater-wo-gehts-hin\/\"]}]},{\"@type\":\"BreadcrumbList\",\"@id\":\"https:\/\/www.bleckmannschulze.de\/blog\/bs\/2019\/07\/31\/urlaubstipps-der-personalberater-wo-gehts-hin\/#breadcrumb\",\"itemListElement\":[{\"@type\":\"ListItem\",\"position\":1,\"name\":\"Startseite\",\"item\":\"https:\/\/www.bleckmannschulze.de\/blog\/bs\/\"},{\"@type\":\"ListItem\",\"position\":2,\"name\":\"Urlaubstipps der Personalberater: Wo geht\u2019s hin?\"}]},{\"@type\":\"WebSite\",\"@id\":\"https:\/\/www.bleckmannschulze.de\/blog\/bs\/#website\",\"url\":\"https:\/\/www.bleckmannschulze.de\/blog\/bs\/\",\"name\":\"BleckmannSchulze | Insights\",\"description\":\"\",\"potentialAction\":[{\"@type\":\"SearchAction\",\"target\":{\"@type\":\"EntryPoint\",\"urlTemplate\":\"https:\/\/www.bleckmannschulze.de\/blog\/bs\/?s={search_term_string}\"},\"query-input\":\"required name=search_term_string\"}],\"inLanguage\":\"de-DE\"},{\"@type\":\"Person\",\"@id\":\"https:\/\/www.bleckmannschulze.de\/blog\/bs\/#\/schema\/person\/71e95948f94085ba1163faa073340d67\",\"name\":\"Lena Henning\",\"description\":\"F\u00fcr BS pendle ich unter der Woche in das f\u00fcr D\u00fcsseldorfer \u201everbotene\u201c K\u00f6ln. Ich bin erste Anlaufstelle f\u00fcr alle Themen rund um das On- sowie Offline-Marketing und k\u00fcmmere mich um den Auf- uns Ausbau unseres Pressebereichs. Privat bin ich Fan von Tanz, Yoga, Kunst und Antiquit\u00e4ten \u2013 ach ja: und von Humor. :-)\",\"url\":\"https:\/\/www.bleckmannschulze.de\/blog\/bs\/author\/lena\/\"}]}<\/script>\n<!-- \/ Yoast SEO plugin. -->","yoast_head_json":{"title":"Urlaubstipps der Personalberater: Wo geht\u2019s hin? - BS Blog","description":"Ob Balkonien oder Mittelmeer \u2013 Urlaub tut einfach immer gut! Hier erfahren Sie unsere Urlaubstipps. Das BleckmannSchulze Team w\u00fcnscht eine sch\u00f6ne Zeit!","robots":{"index":"index","follow":"follow","max-snippet":"max-snippet:-1","max-image-preview":"max-image-preview:large","max-video-preview":"max-video-preview:-1"},"canonical":"https:\/\/www.bleckmannschulze.de\/blog\/bs\/2019\/07\/31\/urlaubstipps-der-personalberater-wo-gehts-hin\/","og_locale":"de_DE","og_type":"article","og_title":"Urlaubstipps der Personalberater: Wo geht\u2019s hin? - BS Blog","og_description":"Ob Balkonien oder Mittelmeer \u2013 Urlaub tut einfach immer gut! Hier erfahren Sie unsere Urlaubstipps. Das BleckmannSchulze Team w\u00fcnscht eine sch\u00f6ne Zeit!","og_url":"https:\/\/www.bleckmannschulze.de\/blog\/bs\/2019\/07\/31\/urlaubstipps-der-personalberater-wo-gehts-hin\/","og_site_name":"BleckmannSchulze | Insights","article_published_time":"2019-07-31T08:37:05+00:00","article_modified_time":"2021-02-09T11:23:27+00:00","og_image":[{"width":1254,"height":836,"url":"https:\/\/www.bleckmannschulze.de\/blog\/bs\/wp-content\/uploads\/2019\/07\/Urlaubstipps.jpg","type":"image\/jpeg"}],"author":"Lena Henning","twitter_card":"summary_large_image","twitter_misc":{"Verfasst von":"Lena Henning","Gesch\u00e4tzte Lesezeit":"3 Minuten"},"schema":{"@context":"https:\/\/schema.org","@graph":[{"@type":"WebPage","@id":"https:\/\/www.bleckmannschulze.de\/blog\/bs\/2019\/07\/31\/urlaubstipps-der-personalberater-wo-gehts-hin\/","url":"https:\/\/www.bleckmannschulze.de\/blog\/bs\/2019\/07\/31\/urlaubstipps-der-personalberater-wo-gehts-hin\/","name":"Urlaubstipps der Personalberater: Wo geht\u2019s hin? - BS Blog","isPartOf":{"@id":"https:\/\/www.bleckmannschulze.de\/blog\/bs\/#website"},"datePublished":"2019-07-31T08:37:05+00:00","dateModified":"2021-02-09T11:23:27+00:00","author":{"@id":"https:\/\/www.bleckmannschulze.de\/blog\/bs\/#\/schema\/person\/71e95948f94085ba1163faa073340d67"},"description":"Ob Balkonien oder Mittelmeer \u2013 Urlaub tut einfach immer gut! Hier erfahren Sie unsere Urlaubstipps. Das BleckmannSchulze Team w\u00fcnscht eine sch\u00f6ne Zeit!","breadcrumb":{"@id":"https:\/\/www.bleckmannschulze.de\/blog\/bs\/2019\/07\/31\/urlaubstipps-der-personalberater-wo-gehts-hin\/#breadcrumb"},"inLanguage":"de-DE","potentialAction":[{"@type":"ReadAction","target":["https:\/\/www.bleckmannschulze.de\/blog\/bs\/2019\/07\/31\/urlaubstipps-der-personalberater-wo-gehts-hin\/"]}]},{"@type":"BreadcrumbList","@id":"https:\/\/www.bleckmannschulze.de\/blog\/bs\/2019\/07\/31\/urlaubstipps-der-personalberater-wo-gehts-hin\/#breadcrumb","itemListElement":[{"@type":"ListItem","position":1,"name":"Startseite","item":"https:\/\/www.bleckmannschulze.de\/blog\/bs\/"},{"@type":"ListItem","position":2,"name":"Urlaubstipps der Personalberater: Wo geht\u2019s hin?"}]},{"@type":"WebSite","@id":"https:\/\/www.bleckmannschulze.de\/blog\/bs\/#website","url":"https:\/\/www.bleckmannschulze.de\/blog\/bs\/","name":"BleckmannSchulze | Insights","description":"","potentialAction":[{"@type":"SearchAction","target":{"@type":"EntryPoint","urlTemplate":"https:\/\/www.bleckmannschulze.de\/blog\/bs\/?s={search_term_string}"},"query-input":"required name=search_term_string"}],"inLanguage":"de-DE"},{"@type":"Person","@id":"https:\/\/www.bleckmannschulze.de\/blog\/bs\/#\/schema\/person\/71e95948f94085ba1163faa073340d67","name":"Lena Henning","description":"F\u00fcr BS pendle ich unter der Woche in das f\u00fcr D\u00fcsseldorfer \u201everbotene\u201c K\u00f6ln. Ich bin erste Anlaufstelle f\u00fcr alle Themen rund um das On- sowie Offline-Marketing und k\u00fcmmere mich um den Auf- uns Ausbau unseres Pressebereichs. Privat bin ich Fan von Tanz, Yoga, Kunst und Antiquit\u00e4ten \u2013 ach ja: und von Humor. :-)","url":"https:\/\/www.bleckmannschulze.de\/blog\/bs\/author\/lena\/"}]}},"jetpack_featured_media_url":"https:\/\/www.bleckmannschulze.de\/blog\/bs\/wp-content\/uploads\/2019\/07\/Urlaubstipps.jpg","jetpack_sharing_enabled":true,"jetpack_shortlink":"https:\/\/wp.me\/p7PzL6-aK","jetpack-related-posts":[{"id":625,"url":"https:\/\/www.bleckmannschulze.de\/blog\/bs\/2021\/05\/18\/erfahrung-mit-bleckmannschulze-head-of-supply-chain\/","url_meta":{"origin":666,"position":0},"title":"Erfahrung mit BleckmannSchulze: Head of Supply Chain","date":"18. Mai 2021","format":false,"excerpt":"Mein Name ist Philip Dlugajczyk und ich arbeite als Head of Supply Chain f\u00fcr einen global t\u00e4tigen Pharmakonzern. \u00dcber meinen Karriereweg hin zur F\u00fchrungskraft im Bereich Supply Chain Management und meine damit verbundene Erfahrung mit dem Personalvermittler BleckmannSchulze berichte ich Ihnen gerne. Alles andere als der \u201etypische\u201c BWLer Gestartet bin\u2026","rel":"","context":"In &quot;Mitarbeiter im Portrait&quot;","img":{"alt_text":"Head of Supply Chain","src":"https:\/\/i0.wp.com\/www.bleckmannschulze.de\/blog\/bs\/wp-content\/uploads\/2021\/05\/Head-of-Supply-Chain.jpg?resize=350%2C200&ssl=1","width":350,"height":200},"classes":[]},{"id":653,"url":"https:\/\/www.bleckmannschulze.de\/blog\/bs\/2019\/06\/25\/werkstudent-bei-bleckmannschulze-dein-karrieresprungbrett\/","url_meta":{"origin":666,"position":1},"title":"Werkstudent bei BleckmannSchulze: Dein Karrieresprungbrett?","date":"25. Juni 2019","format":false,"excerpt":"Ein Studentenjob, der mir Spa\u00df macht, mich gleichzeitig fordert und die optimale Basis f\u00fcr meine\u00a0berufliche Zukunft bietet. Wunschdenken? Von wegen! Genau diesen Studentenjob habe ich vor 2 Jahren gefunden. Du willst wissen wie und wo? Alle Infos zu meinem Job als Werkstudent bei BleckmannSchulze findest du in diesem Beitrag. Mein\u2026","rel":"","context":"In &quot;\u00dcber uns&quot;","img":{"alt_text":"Werkstudent bei BleckmannSchulze","src":"https:\/\/i0.wp.com\/www.bleckmannschulze.de\/blog\/bs\/wp-content\/uploads\/2019\/06\/Werksstudentin.jpg?resize=350%2C200&ssl=1","width":350,"height":200},"classes":[]},{"id":284,"url":"https:\/\/www.bleckmannschulze.de\/blog\/bs\/2017\/11\/21\/teamassistentin-bei-bleckmannschulze-in-koeln\/","url_meta":{"origin":666,"position":2},"title":"Teamassistentin bei BleckmannSchulze in K\u00f6ln","date":"21. November 2017","format":false,"excerpt":"Seit Oktober verst\u00e4rke ich als Teamassistentin BleckmannSchulze in K\u00f6ln. G\u00e4ngige Jobs bei Personaldienstleistern sind \u201eVertriebsdisponenten\u201c, \u201ePersonalberater\u201c, \u201eRecruiter\u201c oder \u201eSachbearbeiter\u201c. Bislang war dahingehend auch BleckmannSchulze eher klassisch unterwegs. Meine Position ist sowohl f\u00fcr das Unternehmen als auch f\u00fcr mich neu. Was zeichnet mich als Teamassistentin aus, wof\u00fcr bin ich zust\u00e4ndig? Warum\u2026","rel":"","context":"In &quot;Mitarbeiter im Portrait&quot;","img":{"alt_text":"Teamassistentin bei BleckmannSchulze in K\u00f6ln","src":"https:\/\/i0.wp.com\/www.bleckmannschulze.de\/blog\/bs\/wp-content\/uploads\/2017\/11\/Teamassistentin.jpg?resize=350%2C200&ssl=1","width":350,"height":200},"classes":[]},{"id":113,"url":"https:\/\/www.bleckmannschulze.de\/blog\/bs\/2017\/01\/25\/so-verschieden-und-doch-so-gleich-das-bleckmannschulze-team\/","url_meta":{"origin":666,"position":3},"title":"So verschieden und doch so gleich \u2013 Das BleckmannSchulze Team","date":"25. Januar 2017","format":false,"excerpt":"Den \u201eBleckmann\u201c und den \u201eSchulze\u201c von BleckmannSchulze kennen Sie sp\u00e4testens seit dem vorangegangen Beitrag BleckmannSchulze taucht ein in die Blogger Welt \u2013 Der BS Blog. Was ist mit dem BleckmannSchulze Team? Seit 2010 sitze ich, Agnes Kolpak, \u00a0im BleckmannSchulze Boot. Das liegt nicht nur an meinen Jobinhalten, sondern vor allem\u2026","rel":"","context":"In &quot;\u00dcber uns&quot;","img":{"alt_text":"BleckmannSchulze-Team","src":"https:\/\/i0.wp.com\/www.bleckmannschulze.de\/blog\/bs\/wp-content\/uploads\/2017\/01\/BleckmannSchulze-Team_neu.jpg?resize=350%2C200&ssl=1","width":350,"height":200},"classes":[]},{"id":292,"url":"https:\/\/www.bleckmannschulze.de\/blog\/bs\/2017\/12\/28\/silvester-und-neujahrsvorsaetze-im-bleckmannschulze-team\/","url_meta":{"origin":666,"position":4},"title":"Silvester und Neujahrsvors\u00e4tze im BleckmannSchulze Team","date":"28. Dezember 2017","format":false,"excerpt":"Das Jahr 2017 neigt sich dem Ende \u2013 2018 steht vor der T\u00fcr. Haben Sie schon eine Idee, wie Sie Silvester verbringen? Sind Sie neugierig, was Ihr Ansprechpartner im BleckmannSchulze Team zu dieser Zeit so treibt? Was sind die Neujahrsvors\u00e4tze jedes Einzelnen? All dies erfahren Sie in diesem Beitrag. Seien\u2026","rel":"","context":"In &quot;\u00dcber uns&quot;","img":{"alt_text":"Neujahrsvors\u00e4tze im BleckmannSchulze Team","src":"https:\/\/i0.wp.com\/www.bleckmannschulze.de\/blog\/bs\/wp-content\/uploads\/2017\/12\/Neujahr-2018.jpg?resize=350%2C200&ssl=1","width":350,"height":200},"classes":[]},{"id":227,"url":"https:\/\/www.bleckmannschulze.de\/blog\/bs\/2017\/08\/25\/das-bleckmannschulze-buero-laecheln-ankommen-begeistern\/","url_meta":{"origin":666,"position":5},"title":"Das BleckmannSchulze-B\u00fcro: L\u00e4cheln, ankommen, begeistern","date":"25. August 2017","format":false,"excerpt":"Waren Sie als Bewerber oder Mitarbeiter schon einmal im BleckmannSchulze-B\u00fcro im MediaPark K\u00f6ln? Meine B\u00fcrotour zeigt Ihnen, was Sie bei diesem Personaldienstleister in K\u00f6ln erwartet. Schon einmal vorab: BleckmannSchulze gibt viel daf\u00fcr, dass Sie sich wohlf\u00fchlen. Wer ist schon \u00fcberzeugend im Vorstellungsgespr\u00e4ch, wenn die Atmosph\u00e4re zum Wegrennen ist? Begleiten Sie\u2026","rel":"","context":"In &quot;\u00dcber uns&quot;","img":{"alt_text":"Das BleckmannSchulze-B\u00fcro in K\u00f6ln im MediaPark","src":"https:\/\/i0.wp.com\/www.bleckmannschulze.de\/blog\/bs\/wp-content\/uploads\/2017\/08\/BleckmannSchulze-buero.jpg?resize=350%2C200&ssl=1","width":350,"height":200},"classes":[]}],"_links":{"self":[{"href":"https:\/\/www.bleckmannschulze.de\/blog\/bs\/wp-json\/wp\/v2\/posts\/666"}],"collection":[{"href":"https:\/\/www.bleckmannschulze.de\/blog\/bs\/wp-json\/wp\/v2\/posts"}],"about":[{"href":"https:\/\/www.bleckmannschulze.de\/blog\/bs\/wp-json\/wp\/v2\/types\/post"}],"author":[{"embeddable":true,"href":"https:\/\/www.bleckmannschulze.de\/blog\/bs\/wp-json\/wp\/v2\/users\/4"}],"replies":[{"embeddable":true,"href":"https:\/\/www.bleckmannschulze.de\/blog\/bs\/wp-json\/wp\/v2\/comments?post=666"}],"version-history":[{"count":15,"href":"https:\/\/www.bleckmannschulze.de\/blog\/bs\/wp-json\/wp\/v2\/posts\/666\/revisions"}],"predecessor-version":[{"id":971,"href":"https:\/\/www.bleckmannschulze.de\/blog\/bs\/wp-json\/wp\/v2\/posts\/666\/revisions\/971"}],"wp:featuredmedia":[{"embeddable":true,"href":"https:\/\/www.bleckmannschulze.de\/blog\/bs\/wp-json\/wp\/v2\/media\/678"}],"wp:attachment":[{"href":"https:\/\/www.bleckmannschulze.de\/blog\/bs\/wp-json\/wp\/v2\/media?parent=666"}],"wp:term":[{"taxonomy":"category","embeddable":true,"href":"https:\/\/www.bleckmannschulze.de\/blog\/bs\/wp-json\/wp\/v2\/categories?post=666"},{"taxonomy":"post_tag","embeddable":true,"href":"https:\/\/www.bleckmannschulze.de\/blog\/bs\/wp-json\/wp\/v2\/tags?post=666"}],"curies":[{"name":"wp","href":"https:\/\/api.w.org\/{rel}","templated":true}]}}