{"id":596,"date":"2019-04-17T14:00:40","date_gmt":"2019-04-17T12:00:40","guid":{"rendered":"https:\/\/www.bleckmannschulze.de\/blog\/bs\/?p=596"},"modified":"2021-02-09T12:28:04","modified_gmt":"2021-02-09T11:28:04","slug":"strategische-personalentwicklung-zur-effektiven-mitarbeiterbindung","status":"publish","type":"post","link":"https:\/\/www.bleckmannschulze.de\/blog\/bs\/2019\/04\/17\/strategische-personalentwicklung-zur-effektiven-mitarbeiterbindung\/","title":{"rendered":"Strategische Personalentwicklung zur effektiven Mitarbeiterbindung"},"content":{"rendered":"<p><strong>Erf\u00e4hrt die strategische Personalentwicklung in Ihrem Unternehmen eine eher \u201estiefm\u00fctterliche\u201c Behandlung? Wie Ihnen dieses Thema in Zeiten von <a href=\"https:\/\/www.bleckmannschulze.de\/blog\/bs\/2017\/07\/25\/fachkraeftemangel-das-erfolgsrezept-fuer-ihr-unternehmen\/\">Fachkr\u00e4fteengp\u00e4ssen<\/a> entscheidende Wettbewerbsvorteile bringen kann und wie Sie Personalentwicklung zielf\u00fchrend ausrichten, skizziert dieser Beitrag.<\/strong><\/p>\n<h3>Strategische Personalentwicklung \u2013 Wof\u00fcr dieser Aufwand?<\/h3>\n<p>Motiviert und produktiv, langfristig an Bord, sich privat und in sozialen Medien positiv \u00fcber den eigenen Arbeitgeber (Stichwort: \u201e<a href=\"https:\/\/www.bleckmannschulze.de\/blog\/bs\/2018\/10\/19\/arbeitgeberbewertungen-fluch-oder-segen\/\">Employer Branding<\/a>\u201c) \u00e4u\u00dfernd \u2013 so das Idealbild perfekter Mitarbeitender. Wichtig f\u00fcr Unternehmen: Sie k\u00f6nnen zu einer solchen Motivation beitragen.<\/p>\n<p>H\u00e4ufig greifen Arbeitgeber hierbei zumeist auf sogenannte <a href=\"https:\/\/lexikon.stangl.eu\/1951\/extrinsische-motivation\/\">\u201eextrinsische\u201c Motivationsfaktoren<\/a> zur\u00fcck, wie Zugewinne an Geld, Einfluss bzw. Status. Dies sind wichtige und wirksame Stellgr\u00f6\u00dfen, jedoch haben sie auch Grenzen: Wie lange und regelm\u00e4\u00dfig k\u00f6nnen verschiedene Menschen ausschlie\u00dflich mit der Aussicht auf einen Riegel Schokolade f\u00fcr ein z\u00e4hes Ausdauertraining motiviert werden? Eine nachhaltige Motivation bedarf vermutlich zeitnaher Anpassungen dieses Motivationsprogramms.<\/p>\n<p>Nachhaltig motiviert sind Mitarbeitende v.a. dann, wenn sie erg\u00e4nzend \u201e<a href=\"https:\/\/lexikon.stangl.eu\/1949\/intrinsische-motivation\/\">intrinsisch<\/a>\u201c angetrieben sind: Sie realisieren eigene St\u00e4rken und Kompetenzen durch z.B. pers\u00f6nliche Erfolge, f\u00fchlen sich durch Anerkennung und Wertsch\u00e4tzung von F\u00fchrungskr\u00e4ften und Kollegen eingebunden und k\u00f6nnen selbstbestimmte Entscheidungen f\u00fcr ihre Bereiche treffen.<\/p>\n<p>Eine strategische und kompetenzorientierte Personalentwicklung kann in Zeiten von Fachkr\u00e4fteengp\u00e4ssen entscheidende Beitr\u00e4ge dazu leisten, dass Unternehmen qualifizierte Mitarbeitende durch intrinsische Motivation nachhaltig an sich binden.<\/p>\n<h3>3 Tipps aus der Praxis f\u00fcr die Praxis<\/h3>\n<h5><em>Machen Sie Kompetenzentwicklung f\u00fcr Ihre Mitarbeitenden erlebbar und f\u00f6rdern Sie eine intrinsisch motivierende Unternehmenskultur.<\/em><\/h5>\n<p>Beziehen Sie Mitarbeitende in ihre pers\u00f6nliche Kompetenzentwicklung mit ein. Machen Sie Gr\u00fcnde, aber auch individuelle Mehrwerte, f\u00fcr anvisierte Ma\u00dfnahmen nachvollziehbar. All dies f\u00f6rdert sowohl die Lernbereitschaft als auch die Erfolgschancen von Fort- und Weiterbildung.<\/p>\n<p>Eine <a href=\"https:\/\/www.bs-partnerservices.de\/2019\/03\/mitarbeiterfuehrung-erfolgsfaktor-bei-unternehmensgruendung\/\">motivierende und vorgelebte Unternehmenskultur<\/a> schafft idealerweise auch ein Umfeld, in dem Mitarbeitende Wertsch\u00e4tzung f\u00fcr den Ausbau ihrer F\u00e4higkeiten erfahren. Eine derartige Kultur schafft die Grundlage f\u00fcr intrinsisch motivierte Mitarbeitende.<\/p>\n<h5><em>Holen Sie die Fachabteilungen ins Boot, gestalten Sie die Personalentwicklung praxisnah.<\/em><\/h5>\n<p>Binden Sie relevante Fachabteilungen fr\u00fchzeitig in strategische Zieldefinition und Ma\u00dfnahmenkonzeption (z.B. f\u00fcr Workshops, Coachings) ein. Auf diese Weise erhalten zuk\u00fcnftige Kompetenzbedarfe und Anwendungsbez\u00fcge ausreichend Ber\u00fccksichtigung. Auch k\u00f6nnen Sie so Gelegenheiten schaffen, dass frisch Erlerntes direkt umgesetzt und praktisch angewendet wird. Dies ist wichtig, denn Wissen ist nicht gleich K\u00f6nnen. So erh\u00f6hen Sie die Erfolgschancen Ihrer Personalentwicklungsma\u00dfnahmen wesentlich.<\/p>\n<h5><em>Trainerauswahl mit Bedacht.<\/em><\/h5>\n<p>\u00dcber grundlegende Qualifikationen und Erfahrungen hinaus gilt es hier weitere Aspekte abzuw\u00e4gen, z.B. interne Kompetenztr\u00e4ger vs. externe Spezialisten? Erstere haben den Vorteil, dass sie Zielgruppen und Arbeitsrealit\u00e4ten i.d.R. kennen. Auch k\u00f6nnen sie im Unternehmen als Multiplikatoren agieren und dem Engagement des Arbeitgebers authentischer Ausdruck verleihen. M\u00f6gliche Nachteile: Einschr\u00e4nkungen auf Binnenperspektive, wahrgenommene Befangenheit und ggf. geringere Akzeptanz.<\/p>\n<p>Externe Spezialisten werden leichter als objektiver und unabh\u00e4ngiger wahrgenommen, bringen i.d.R. zus\u00e4tzliche und neue Expertisen ein und k\u00f6nnen eine Vogelperspektive bieten. M\u00f6gliche Nachteile: Kaum Multiplikatorenfunktion, geringere Binnenperspektive und schwache Repr\u00e4sentanz der Unternehmenskultur.<\/p>\n<p>Die Wahl der passenden Expertise sollte zur Zielsetzung der jeweiligen Ma\u00dfnahme passen.<\/p>\n<p>Eine erfolgreiche, strategische Personalentwicklung baut daher auch auf ein zielf\u00fchrendes Qualit\u00e4tsmanagement mit <a href=\"http:\/\/openjournal.uni-oldenburg.de\/index.php\/bildungsmanagement\/article\/download\/13\/pdf_1\">Wirkungsevaluation<\/a> auf. So bleiben Sie mit Ihren Ma\u00dfnahmen auf Kurs.<\/p>\n<h3>Mehrwert erkennen, Ziele forcieren, loslegen und dranbleiben<\/h3>\n<p>Die <a href=\"https:\/\/www.bleckmannschulze.de\/blog\/bs\/2018\/06\/29\/erfolgsfaktoren-im-recruiting\/\">Gewinnung qualifizierter Mitarbeitender<\/a> ist f\u00fcr Unternehmen zentraler Schl\u00fcssel zum Erfolg \u2013 eine strategische und kompetenzorientierte Personalentwicklung mit dem Ziel intrinsisch motivierter Mitarbeitender, ist der Schl\u00fcssel zur Nachhaltigkeit dieses Erfolges.<\/p>\n<p>Strategische Personalentwicklung ist mit \u00fcbergeordneten Unternehmenszielen abgestimmt und zielt darauf ab, auch in Zukunft die richtigen Personen mit den erforderlichen Kompetenzen an den richtigen Positionen im Unternehmen zu haben.<\/p>\n<p>\u00dcbrigens gilt auch f\u00fcr F\u00fchrungskr\u00e4fte und Personalentwickler: Haben Sie neben zuk\u00fcnftigen Herausforderungen auch sich und Ihre eigenen Kompetenzen im Blick. Lebenslanges Lernen schafft auch f\u00fcr Sie die Basis zuk\u00fcnftiger Erfolge und somit der eigenen intrinsischen Motivation.<\/p>\n<p><em><strong>Bildquellen<\/strong><\/em><br \/>\n<em>Beitragsbild: <a href=\"https:\/\/www.istockphoto.com\/de\/portfolio\/onurdongel?mediatype=photography&amp;sort=best\">onurdongel<\/a> \u2013 istock.com; Profilbild Autor: Steffen K\u00f6hler<br \/>\n<\/em><\/p>\n","protected":false},"excerpt":{"rendered":"<p>Erf\u00e4hrt die strategische Personalentwicklung in Ihrem Unternehmen eine eher \u201estiefm\u00fctterliche\u201c Behandlung? Wie Ihnen dieses Thema in Zeiten von Fachkr\u00e4fteengp\u00e4ssen entscheidende Wettbewerbsvorteile bringen kann und wie Sie Personalentwicklung zielf\u00fchrend ausrichten, skizziert dieser Beitrag. Strategische Personalentwicklung \u2013 Wof\u00fcr dieser Aufwand? Motiviert und produktiv, langfristig an Bord, sich privat und in sozialen Medien positiv \u00fcber den eigenen Arbeitgeber [&hellip;]<\/p>\n","protected":false},"author":21,"featured_media":599,"comment_status":"open","ping_status":"open","sticky":false,"template":"","format":"standard","meta":{"_et_pb_use_builder":"","_et_pb_old_content":"","_et_gb_content_width":"","_mi_skip_tracking":false,"jetpack_post_was_ever_published":false,"jetpack_publicize_message":"","jetpack_is_tweetstorm":false,"jetpack_publicize_feature_enabled":true,"jetpack_social_post_already_shared":true,"jetpack_social_options":[]},"categories":[23],"tags":[87,88,86,89],"jetpack_publicize_connections":[],"yoast_head":"<!-- This site is optimized with the Yoast SEO plugin v20.4 - https:\/\/yoast.com\/wordpress\/plugins\/seo\/ -->\n<title>Strategische Personalentwicklung zur effektiven Mitarbeiterbindung<\/title>\n<meta name=\"description\" content=\"Erf\u00e4hrt die strategische Personalentwicklung in Ihrem Unternehmen eine eher \u201estiefm\u00fctterliche\u201c Behandlung? Was ist bei diesem zentralen Thema zu beachten?\" \/>\n<meta name=\"robots\" content=\"index, follow, max-snippet:-1, max-image-preview:large, max-video-preview:-1\" \/>\n<link rel=\"canonical\" href=\"https:\/\/www.bleckmannschulze.de\/blog\/bs\/2019\/04\/17\/strategische-personalentwicklung-zur-effektiven-mitarbeiterbindung\/\" \/>\n<meta property=\"og:locale\" content=\"de_DE\" \/>\n<meta property=\"og:type\" content=\"article\" \/>\n<meta property=\"og:title\" content=\"Strategische Personalentwicklung zur effektiven Mitarbeiterbindung\" \/>\n<meta property=\"og:description\" content=\"Erf\u00e4hrt die strategische Personalentwicklung in Ihrem Unternehmen eine eher \u201estiefm\u00fctterliche\u201c Behandlung? Was ist bei diesem zentralen Thema zu beachten?\" \/>\n<meta property=\"og:url\" content=\"https:\/\/www.bleckmannschulze.de\/blog\/bs\/2019\/04\/17\/strategische-personalentwicklung-zur-effektiven-mitarbeiterbindung\/\" \/>\n<meta property=\"og:site_name\" content=\"BleckmannSchulze | Insights\" \/>\n<meta property=\"article:published_time\" content=\"2019-04-17T12:00:40+00:00\" \/>\n<meta property=\"article:modified_time\" content=\"2021-02-09T11:28:04+00:00\" \/>\n<meta property=\"og:image\" content=\"https:\/\/www.bleckmannschulze.de\/blog\/bs\/wp-content\/uploads\/2019\/04\/Personalentwicklung.jpg\" \/>\n\t<meta property=\"og:image:width\" content=\"1200\" \/>\n\t<meta property=\"og:image:height\" content=\"718\" \/>\n\t<meta property=\"og:image:type\" content=\"image\/jpeg\" \/>\n<meta name=\"author\" content=\"Dr. Christian Dumpitak\" \/>\n<meta name=\"twitter:card\" content=\"summary_large_image\" \/>\n<meta name=\"twitter:label1\" content=\"Verfasst von\" \/>\n\t<meta name=\"twitter:data1\" content=\"Dr. Christian Dumpitak\" \/>\n\t<meta name=\"twitter:label2\" content=\"Gesch\u00e4tzte Lesezeit\" \/>\n\t<meta name=\"twitter:data2\" content=\"3 Minuten\" \/>\n<script type=\"application\/ld+json\" class=\"yoast-schema-graph\">{\"@context\":\"https:\/\/schema.org\",\"@graph\":[{\"@type\":\"WebPage\",\"@id\":\"https:\/\/www.bleckmannschulze.de\/blog\/bs\/2019\/04\/17\/strategische-personalentwicklung-zur-effektiven-mitarbeiterbindung\/\",\"url\":\"https:\/\/www.bleckmannschulze.de\/blog\/bs\/2019\/04\/17\/strategische-personalentwicklung-zur-effektiven-mitarbeiterbindung\/\",\"name\":\"Strategische Personalentwicklung zur effektiven Mitarbeiterbindung\",\"isPartOf\":{\"@id\":\"https:\/\/www.bleckmannschulze.de\/blog\/bs\/#website\"},\"datePublished\":\"2019-04-17T12:00:40+00:00\",\"dateModified\":\"2021-02-09T11:28:04+00:00\",\"author\":{\"@id\":\"https:\/\/www.bleckmannschulze.de\/blog\/bs\/#\/schema\/person\/de1de7de631c6d8ad4bc48cee37138e5\"},\"description\":\"Erf\u00e4hrt die strategische Personalentwicklung in Ihrem Unternehmen eine eher \u201estiefm\u00fctterliche\u201c Behandlung? Was ist bei diesem zentralen Thema zu beachten?\",\"breadcrumb\":{\"@id\":\"https:\/\/www.bleckmannschulze.de\/blog\/bs\/2019\/04\/17\/strategische-personalentwicklung-zur-effektiven-mitarbeiterbindung\/#breadcrumb\"},\"inLanguage\":\"de-DE\",\"potentialAction\":[{\"@type\":\"ReadAction\",\"target\":[\"https:\/\/www.bleckmannschulze.de\/blog\/bs\/2019\/04\/17\/strategische-personalentwicklung-zur-effektiven-mitarbeiterbindung\/\"]}]},{\"@type\":\"BreadcrumbList\",\"@id\":\"https:\/\/www.bleckmannschulze.de\/blog\/bs\/2019\/04\/17\/strategische-personalentwicklung-zur-effektiven-mitarbeiterbindung\/#breadcrumb\",\"itemListElement\":[{\"@type\":\"ListItem\",\"position\":1,\"name\":\"Startseite\",\"item\":\"https:\/\/www.bleckmannschulze.de\/blog\/bs\/\"},{\"@type\":\"ListItem\",\"position\":2,\"name\":\"Strategische Personalentwicklung zur effektiven Mitarbeiterbindung\"}]},{\"@type\":\"WebSite\",\"@id\":\"https:\/\/www.bleckmannschulze.de\/blog\/bs\/#website\",\"url\":\"https:\/\/www.bleckmannschulze.de\/blog\/bs\/\",\"name\":\"BleckmannSchulze | Insights\",\"description\":\"\",\"potentialAction\":[{\"@type\":\"SearchAction\",\"target\":{\"@type\":\"EntryPoint\",\"urlTemplate\":\"https:\/\/www.bleckmannschulze.de\/blog\/bs\/?s={search_term_string}\"},\"query-input\":\"required name=search_term_string\"}],\"inLanguage\":\"de-DE\"},{\"@type\":\"Person\",\"@id\":\"https:\/\/www.bleckmannschulze.de\/blog\/bs\/#\/schema\/person\/de1de7de631c6d8ad4bc48cee37138e5\",\"name\":\"Dr. Christian Dumpitak\",\"description\":\"Seit 2007 bin ich als Trainer und Coach in der akademischen Personalentwicklung t\u00e4tig. Als Gesch\u00e4ftsf\u00fchrer der Graduiertenakademie iGRAD an der Heinrich-Heine-Universit\u00e4t D\u00fcsseldorf habe ich besonders die m\u00f6glichen Karrierewege des wissenschaftlichen Nachwuchses im Blick. In meiner Freizeit sorgen Freunde, Familie und ein gro\u00dfer Garten auch privat f\u00fcr gen\u00fcgend intrinsische Motivation.\",\"url\":\"https:\/\/www.bleckmannschulze.de\/blog\/bs\/author\/dumpitak\/\"}]}<\/script>\n<!-- \/ Yoast SEO plugin. -->","yoast_head_json":{"title":"Strategische Personalentwicklung zur effektiven Mitarbeiterbindung","description":"Erf\u00e4hrt die strategische Personalentwicklung in Ihrem Unternehmen eine eher \u201estiefm\u00fctterliche\u201c Behandlung? Was ist bei diesem zentralen Thema zu beachten?","robots":{"index":"index","follow":"follow","max-snippet":"max-snippet:-1","max-image-preview":"max-image-preview:large","max-video-preview":"max-video-preview:-1"},"canonical":"https:\/\/www.bleckmannschulze.de\/blog\/bs\/2019\/04\/17\/strategische-personalentwicklung-zur-effektiven-mitarbeiterbindung\/","og_locale":"de_DE","og_type":"article","og_title":"Strategische Personalentwicklung zur effektiven Mitarbeiterbindung","og_description":"Erf\u00e4hrt die strategische Personalentwicklung in Ihrem Unternehmen eine eher \u201estiefm\u00fctterliche\u201c Behandlung? Was ist bei diesem zentralen Thema zu beachten?","og_url":"https:\/\/www.bleckmannschulze.de\/blog\/bs\/2019\/04\/17\/strategische-personalentwicklung-zur-effektiven-mitarbeiterbindung\/","og_site_name":"BleckmannSchulze | Insights","article_published_time":"2019-04-17T12:00:40+00:00","article_modified_time":"2021-02-09T11:28:04+00:00","og_image":[{"width":1200,"height":718,"url":"https:\/\/www.bleckmannschulze.de\/blog\/bs\/wp-content\/uploads\/2019\/04\/Personalentwicklung.jpg","type":"image\/jpeg"}],"author":"Dr. Christian Dumpitak","twitter_card":"summary_large_image","twitter_misc":{"Verfasst von":"Dr. Christian Dumpitak","Gesch\u00e4tzte Lesezeit":"3 Minuten"},"schema":{"@context":"https:\/\/schema.org","@graph":[{"@type":"WebPage","@id":"https:\/\/www.bleckmannschulze.de\/blog\/bs\/2019\/04\/17\/strategische-personalentwicklung-zur-effektiven-mitarbeiterbindung\/","url":"https:\/\/www.bleckmannschulze.de\/blog\/bs\/2019\/04\/17\/strategische-personalentwicklung-zur-effektiven-mitarbeiterbindung\/","name":"Strategische Personalentwicklung zur effektiven Mitarbeiterbindung","isPartOf":{"@id":"https:\/\/www.bleckmannschulze.de\/blog\/bs\/#website"},"datePublished":"2019-04-17T12:00:40+00:00","dateModified":"2021-02-09T11:28:04+00:00","author":{"@id":"https:\/\/www.bleckmannschulze.de\/blog\/bs\/#\/schema\/person\/de1de7de631c6d8ad4bc48cee37138e5"},"description":"Erf\u00e4hrt die strategische Personalentwicklung in Ihrem Unternehmen eine eher \u201estiefm\u00fctterliche\u201c Behandlung? Was ist bei diesem zentralen Thema zu beachten?","breadcrumb":{"@id":"https:\/\/www.bleckmannschulze.de\/blog\/bs\/2019\/04\/17\/strategische-personalentwicklung-zur-effektiven-mitarbeiterbindung\/#breadcrumb"},"inLanguage":"de-DE","potentialAction":[{"@type":"ReadAction","target":["https:\/\/www.bleckmannschulze.de\/blog\/bs\/2019\/04\/17\/strategische-personalentwicklung-zur-effektiven-mitarbeiterbindung\/"]}]},{"@type":"BreadcrumbList","@id":"https:\/\/www.bleckmannschulze.de\/blog\/bs\/2019\/04\/17\/strategische-personalentwicklung-zur-effektiven-mitarbeiterbindung\/#breadcrumb","itemListElement":[{"@type":"ListItem","position":1,"name":"Startseite","item":"https:\/\/www.bleckmannschulze.de\/blog\/bs\/"},{"@type":"ListItem","position":2,"name":"Strategische Personalentwicklung zur effektiven Mitarbeiterbindung"}]},{"@type":"WebSite","@id":"https:\/\/www.bleckmannschulze.de\/blog\/bs\/#website","url":"https:\/\/www.bleckmannschulze.de\/blog\/bs\/","name":"BleckmannSchulze | Insights","description":"","potentialAction":[{"@type":"SearchAction","target":{"@type":"EntryPoint","urlTemplate":"https:\/\/www.bleckmannschulze.de\/blog\/bs\/?s={search_term_string}"},"query-input":"required name=search_term_string"}],"inLanguage":"de-DE"},{"@type":"Person","@id":"https:\/\/www.bleckmannschulze.de\/blog\/bs\/#\/schema\/person\/de1de7de631c6d8ad4bc48cee37138e5","name":"Dr. Christian Dumpitak","description":"Seit 2007 bin ich als Trainer und Coach in der akademischen Personalentwicklung t\u00e4tig. Als Gesch\u00e4ftsf\u00fchrer der Graduiertenakademie iGRAD an der Heinrich-Heine-Universit\u00e4t D\u00fcsseldorf habe ich besonders die m\u00f6glichen Karrierewege des wissenschaftlichen Nachwuchses im Blick. In meiner Freizeit sorgen Freunde, Familie und ein gro\u00dfer Garten auch privat f\u00fcr gen\u00fcgend intrinsische Motivation.","url":"https:\/\/www.bleckmannschulze.de\/blog\/bs\/author\/dumpitak\/"}]}},"jetpack_featured_media_url":"https:\/\/www.bleckmannschulze.de\/blog\/bs\/wp-content\/uploads\/2019\/04\/Personalentwicklung.jpg","jetpack_sharing_enabled":true,"jetpack_shortlink":"https:\/\/wp.me\/p7PzL6-9C","jetpack-related-posts":[{"id":433,"url":"https:\/\/www.bleckmannschulze.de\/blog\/bs\/2018\/06\/29\/erfolgsfaktoren-im-recruiting\/","url_meta":{"origin":596,"position":0},"title":"Erfolgsfaktoren im Recruiting \u2013 Flaschenhals Fachbereich?","date":"29. Juni 2018","format":false,"excerpt":"Der Bewerbermarkt ist hart umk\u00e4mpft. Gute Mitarbeiter zu rekrutieren, stellt die Herausforderung f\u00fcr Sie als Arbeitgeber dar. Die durchschnittliche Vakanzzeit betr\u00e4gt \u00fcber alle Berufe im Vergleich zum Vorjahr nun 102 Tage (+ 7 Tage). Was bedeutet das f\u00fcr Sie als Unternehmen? Wie steht es um Ihren Bewerbungsprozess?\u00a0Nehmen Sie sich aus\u2026","rel":"","context":"In &quot;Im Dialog&quot;","img":{"alt_text":"Erfolgsfaktoren im Recruiting","src":"https:\/\/i0.wp.com\/www.bleckmannschulze.de\/blog\/bs\/wp-content\/uploads\/2018\/06\/Erfolgsfaktoren-f\u00fcr-Recruiting.jpg?resize=350%2C200&ssl=1","width":350,"height":200},"classes":[]},{"id":584,"url":"https:\/\/www.bleckmannschulze.de\/blog\/bs\/2019\/03\/28\/karriere-im-job-mein-weg-zur-unternehmerin\/","url_meta":{"origin":596,"position":1},"title":"Karriere im Job: Mein Weg zur Unternehmerin","date":"28. M\u00e4rz 2019","format":false,"excerpt":"Gestartet als Studentin der Betriebswirtschaftslehre bin ich heute Gesellschafterin und Gesch\u00e4ftsf\u00fchrerin der \u00fcber 60 Mitarbeiter-starken Kanzlei \u201eWilde & Partner\u201c in Gladbach. Wie es dazu kam und wie Sie Ihrer Karriere im Job oder gar Ihrer Selbstst\u00e4ndigkeit optimal den Weg bereiten, verrate ich Ihnen im Folgenden. (Werk-)Studium \u2013 Weiterbildung \u2013 Selbstst\u00e4ndigkeit?\u2026","rel":"","context":"In &quot;Im Dialog&quot;","img":{"alt_text":"Karriere im Job","src":"https:\/\/i0.wp.com\/www.bleckmannschulze.de\/blog\/bs\/wp-content\/uploads\/2019\/03\/BS_Karriere.jpg?resize=350%2C200&ssl=1","width":350,"height":200},"classes":[]},{"id":514,"url":"https:\/\/www.bleckmannschulze.de\/blog\/bs\/2018\/10\/19\/arbeitgeberbewertungen-fluch-oder-segen\/","url_meta":{"origin":596,"position":2},"title":"Arbeitgeberbewertungen: Fluch oder Segen?","date":"19. Oktober 2018","format":false,"excerpt":"Von den einen geliebt, von den anderen gef\u00fcrchtet und verflucht: Arbeitgeberbewertungen. Wie gehen Bewerber mit dem vielf\u00e4ltigen \u201eBewertungs-Dschungel\u201c auf kununu, glassdoor, StepStone,\u00a011880 und Co. um und wie k\u00f6nnen Unternehmen das alles als Chance f\u00fcr die eigene Erfolgsmaximierung nutzen? Dazu gebe ich Ihnen im folgenden Beitrag Einblick in meine beiden Perspektiven\u2026","rel":"","context":"In &quot;Im Dialog&quot;","img":{"alt_text":"Arbeitgeberbewertungen","src":"https:\/\/i0.wp.com\/www.bleckmannschulze.de\/blog\/bs\/wp-content\/uploads\/2018\/10\/BleckmannSchulze.jpg?resize=350%2C200&ssl=1","width":350,"height":200},"classes":[]},{"id":560,"url":"https:\/\/www.bleckmannschulze.de\/blog\/bs\/2019\/01\/24\/jobwechsel-darauf-kommt-es-an\/","url_meta":{"origin":596,"position":3},"title":"Jobwechsel: Darauf kommt es an","date":"24. Januar 2019","format":false,"excerpt":"Ihr aktueller Arbeitsplatz ist nicht (mehr) das Gelbe vom Ei. Sie denken \u00fcber Ihren Jobwechsel nach oder sind bereits auf konkreter Jobsuche. Warum \u00fcberhaupt wechseln? Was gilt es zu beachten? Dieser Beitrag gibt Ihnen Ihren pers\u00f6nlichen Wegweiser f\u00fcr Ihr Vorhaben mit. Die h\u00e4ufigsten Gr\u00fcnde f\u00fcr den Jobwechsel Nicht selten sind\u2026","rel":"","context":"In &quot;Bewerbungstipps&quot;","img":{"alt_text":"Jobwechsel","src":"https:\/\/i0.wp.com\/www.bleckmannschulze.de\/blog\/bs\/wp-content\/uploads\/2019\/01\/Jobwechsel.jpg?resize=350%2C200&ssl=1","width":350,"height":200},"classes":[]},{"id":528,"url":"https:\/\/www.bleckmannschulze.de\/blog\/bs\/2018\/11\/28\/bester-dienstleister-2019-platz-1-fuer-bleckmannschulze\/","url_meta":{"origin":596,"position":4},"title":"Bester Dienstleister 2019: 1. Platz f\u00fcr BleckmannSchulze!","date":"28. November 2018","format":false,"excerpt":"BS News: K\u00f6ln, 27. November 2018. BleckmannSchulze in K\u00f6ln erh\u00e4lt die Auszeichnung \u201eBester Dienstleister 2019\u201c und best\u00e4tigt damit die eigene Vorreiterrolle in der Personaldienstleistung im deutschsprachigen Raum. Das Unternehmen setzt sich gegen \u00fcber 13.000 Konkurrenten bei kununu durch \u2013 darauf ist das BleckmannSchulze Team nat\u00fcrlich stolz wie Bolle! Bester Dienstleister\u2026","rel":"","context":"In &quot;\u00dcber uns&quot;","img":{"alt_text":"Bester Dientstleister 2019 ist BleckmannSchulze aus K\u00f6ln","src":"https:\/\/i0.wp.com\/www.bleckmannschulze.de\/blog\/bs\/wp-content\/uploads\/2018\/11\/Bester-Dienstleister-2019.jpg?resize=350%2C200&ssl=1","width":350,"height":200},"classes":[]},{"id":315,"url":"https:\/\/www.bleckmannschulze.de\/blog\/bs\/2018\/01\/19\/top-arbeitgeber-mittelstand-bleckmannschulze-in-koeln\/","url_meta":{"origin":596,"position":5},"title":"Top Arbeitgeber Mittelstand: BleckmannSchulze in K\u00f6ln","date":"19. Januar 2018","format":false,"excerpt":"BleckmannSchulze in K\u00f6ln belegt als Top Arbeitgeber Mittelstand 2018 in der \u201eDACH\u201c-Region (Deutschland, \u00d6sterreich, Schweiz; laut kununu und FOCUS) eine Platzierung in den Top 10! Nachdem wir k\u00fcrzlich zu einem der familienfreundlichsten Unternehmen Deutschlands gek\u00fcrt wurden, sind wir doppelt stolz. Wie kommt diese Auszeichnung zustande? Das ist leicht zu beantworten:\u2026","rel":"","context":"In &quot;\u00dcber uns&quot;","img":{"alt_text":"BleckmannSchulze aus K\u00f6ln wurde von Focus zum Top-Arbeitgeber im Mittelstand gew\u00e4hlt","src":"https:\/\/i0.wp.com\/www.bleckmannschulze.de\/blog\/bs\/wp-content\/uploads\/2018\/01\/Top-Arbeitgeber-Mittelstand.jpg?resize=350%2C200&ssl=1","width":350,"height":200},"classes":[]}],"_links":{"self":[{"href":"https:\/\/www.bleckmannschulze.de\/blog\/bs\/wp-json\/wp\/v2\/posts\/596"}],"collection":[{"href":"https:\/\/www.bleckmannschulze.de\/blog\/bs\/wp-json\/wp\/v2\/posts"}],"about":[{"href":"https:\/\/www.bleckmannschulze.de\/blog\/bs\/wp-json\/wp\/v2\/types\/post"}],"author":[{"embeddable":true,"href":"https:\/\/www.bleckmannschulze.de\/blog\/bs\/wp-json\/wp\/v2\/users\/21"}],"replies":[{"embeddable":true,"href":"https:\/\/www.bleckmannschulze.de\/blog\/bs\/wp-json\/wp\/v2\/comments?post=596"}],"version-history":[{"count":13,"href":"https:\/\/www.bleckmannschulze.de\/blog\/bs\/wp-json\/wp\/v2\/posts\/596\/revisions"}],"predecessor-version":[{"id":974,"href":"https:\/\/www.bleckmannschulze.de\/blog\/bs\/wp-json\/wp\/v2\/posts\/596\/revisions\/974"}],"wp:featuredmedia":[{"embeddable":true,"href":"https:\/\/www.bleckmannschulze.de\/blog\/bs\/wp-json\/wp\/v2\/media\/599"}],"wp:attachment":[{"href":"https:\/\/www.bleckmannschulze.de\/blog\/bs\/wp-json\/wp\/v2\/media?parent=596"}],"wp:term":[{"taxonomy":"category","embeddable":true,"href":"https:\/\/www.bleckmannschulze.de\/blog\/bs\/wp-json\/wp\/v2\/categories?post=596"},{"taxonomy":"post_tag","embeddable":true,"href":"https:\/\/www.bleckmannschulze.de\/blog\/bs\/wp-json\/wp\/v2\/tags?post=596"}],"curies":[{"name":"wp","href":"https:\/\/api.w.org\/{rel}","templated":true}]}}