{"id":571,"date":"2019-03-01T07:40:49","date_gmt":"2019-03-01T06:40:49","guid":{"rendered":"https:\/\/www.bleckmannschulze.de\/blog\/bs\/?p=571"},"modified":"2019-03-01T07:40:49","modified_gmt":"2019-03-01T06:40:49","slug":"fachkraefteangel-die-werbekampagne-in-koeln","status":"publish","type":"post","link":"https:\/\/www.bleckmannschulze.de\/blog\/bs\/2019\/03\/01\/fachkraefteangel-die-werbekampagne-in-koeln\/","title":{"rendered":"Fachkr\u00e4fteangel: Die Werbekampagne in K\u00f6ln"},"content":{"rendered":"<p><strong>\u201eWir haben die Besten am Haken.\u201c \u201eAngeln Sie sich die Besten!\u201c Eine dieser Aussagen ist Ihnen auf einer digitalen Anzeige im K\u00f6lner Stra\u00dfenverkehr mit dem Begriff \u201eFachkr\u00e4fteangel\u201c begegnet. Nun sind Sie neugierig? Was es damit auf sich hat, erfahren Sie in diesem Beitrag.<\/strong><\/p>\n<h3>\u201eFachkr\u00e4fteangel\u201c?!<\/h3>\n<p>Die \u201eFachkr\u00e4fteangel\u201c ist Dreh- und Angelpunkt der <a href=\"http:\/\/www.xn--fachkrfteangel-bib.de\/\">Kampagne von BleckmannSchulze<\/a>, dem K\u00f6lner Personaldienstleister und <a href=\"https:\/\/www.bleckmannschulze.de\/blog\/bs\/2018\/11\/28\/bester-dienstleister-2019-platz-1-fuer-bleckmannschulze\/\">besten Dienstleister im deutschsprachigen Raum<\/a>. Warum?<\/p>\n<p>Wom\u00f6glich ging es Ihnen bei der Begegnung mit dem Begriff wie vielen anderen auch: Die Fachkr\u00e4fteangel erzeugt direkt ein Bild in Ihrem Kopf. Sie k\u00f6nnen sich auf visueller Ebene vorstellen, wie das Fachkr\u00e4fteangeln funktioniert. Durch die Verbildlichung sind komplexe Erl\u00e4uterungen redundant.<\/p>\n<p>Die \u00c4hnlichkeit zum \u201e<a href=\"https:\/\/www.bleckmannschulze.de\/blog\/bs\/2017\/07\/25\/fachkraeftemangel-das-erfolgsrezept-fuer-ihr-unternehmen\/\">Fachkr\u00e4fte<strong>m<\/strong>angel<\/a>\u201c f\u00fchrt au\u00dferdem dazu, dass Sie den Begriff \u201eFachkr\u00e4fteangel\u201c sofort richtig einordnen k\u00f6nnen. Mit der Fachkr\u00e4fteangel hatten Sie vor der Kampagne wom\u00f6glich keine Ber\u00fchrungspunkte \u2013 und trotzdem wussten Sie sofort, was gemeint ist.<\/p>\n<h3>Fachkr\u00e4ftemangel \u2013 Fachkr\u00e4fteangel \u2013 BleckmannSchulze<\/h3>\n<p>Die einzelnen Worte sagen Ihnen etwas, doch was hat es mit der Kombination auf sich? Der Fachkr\u00e4ftemangel ist das Problem, <a href=\"https:\/\/www.bleckmannschulze.de\/\">BleckmannSchulze der Probleml\u00f6ser<\/a> und die Fachkr\u00e4fteangel der Weg zur Probleml\u00f6sung. Botschaft: Suchen Sie als Unternehmen dringend Mitarbeiter, kommen Sie zu BleckmannSchulze.<\/p>\n<p>BleckmannSchulze ist Spezialist im K\u00f6lner Fachkr\u00e4ftemarkt und gewinnt f\u00fcr Sie Ihr ben\u00f6tigtes Personal. Was m\u00f6chten Sie am liebsten privat sowie beruflich? \u201eDie Besten\u201c \u2013 Die besten Mitarbeiter hat BleckmannSchulze f\u00fcr Sie \u201eam Haken\u201c. Unsere Werbekampagne in K\u00f6ln baut also wesentlich auf Ihrem Bed\u00fcrfnis nach h\u00f6her, weiter, besser auf.<\/p>\n<h3>Profi-Tipps f\u00fcr Ihre erfolgreiche Unternehmenskampagne<\/h3>\n<p>Weniger ist mehr. In der heutigen Welt sind wir alle einer enormen Reiz\u00fcberflutung ausgesetzt. Deshalb nehmen wir nur einen kleinen Teil an Informationen wahr und verarbeiten diesen. Als Werbetreibender bleibt Ihnen so extrem wenig Zeit, die Aufmerksamkeit der Zielperson zu erlangen. Die Kunst liegt in der Reduktion des Inhalts auf das Wesentliche. Inhalt und Form bilden schlie\u00dflich eine Einheit und sind minimalistisch angelegt.<\/p>\n<p>F\u00fcr die Entwicklung einer derartigen Kampagne geben Sie Ihrer <a href=\"https:\/\/www.wuv.de\/thema\/kreativagentur\">Kreativagentur<\/a> (in diesem Fall uns, der <a href=\"https:\/\/www.ds-wa.de\/\">DS Werbeagentur in K\u00f6ln<\/a>) idealerweise zwischen 4-6 Wochen Zeit. Die Agentur arbeitet den Kern Ihrer Kampagne genauestens heraus und visualisiert diesen anschlie\u00dfend. Daran beteiligt sind unter anderem der Creative Director, der Art Director und nat\u00fcrlich der Kundenberater. Ersterer ist sozusagen der Kreativkopf, der die Kampagne konzeptioniert und inklusive der Texte entwickelt. Zweiterer setzt die Idee grafisch um und Letzterer stellt das Agentursprachrohr zum Kunden dar und stimmt mit ihm das Projekt ab.<\/p>\n<h3>Angeln Sie sich die Besten!<\/h3>\n<p>Mit der Fachkr\u00e4fteangel gegen den Fachkr\u00e4ftemangel \u2013 Problem identifiziert (Fachkr\u00e4ftemangel), angegangen (Fachkr\u00e4fteangel) und gel\u00f6st (BleckmannSchulze). Nun wissen Sie, was dahintersteckt. Suchen Sie f\u00fcr Ihr Unternehmen qualifizierte Mitarbeiter, sprechen Sie BleckmannSchulze direkt an.<\/p>\n<p>F\u00fcr die Kampagne suchen wir noch weitere passende Aussagen, \u00e0 la \u201eWir haben die Besten am Haken\u201c. Haben Sie Ideen, kommentieren Sie diese gerne in diesem Beitrag. Wer wei\u00df, vielleicht sehen Sie Ihren Vorschlag schon in K\u00fcrze auf einer der <a href=\"https:\/\/www.stroeer.de\/nc\/aussenwerbung\/werbemedien\/produkt\/roadside-screen.html\">digitalen Anzeigen im K\u00f6lner Umfeld<\/a>? Wir freuen uns auf Ihre Vorschl\u00e4ge!<\/p>\n","protected":false},"excerpt":{"rendered":"<p>\u201eWir haben die Besten am Haken.\u201c \u201eAngeln Sie sich die Besten!\u201c Eine dieser Aussagen ist Ihnen auf einer digitalen Anzeige im K\u00f6lner Stra\u00dfenverkehr mit dem Begriff \u201eFachkr\u00e4fteangel\u201c begegnet. Nun sind Sie neugierig? Was es damit auf sich hat, erfahren Sie in diesem Beitrag. \u201eFachkr\u00e4fteangel\u201c?! Die \u201eFachkr\u00e4fteangel\u201c ist Dreh- und Angelpunkt der Kampagne von BleckmannSchulze, dem [&hellip;]<\/p>\n","protected":false},"author":3,"featured_media":582,"comment_status":"open","ping_status":"open","sticky":false,"template":"","format":"standard","meta":{"_et_pb_use_builder":"","_et_pb_old_content":"","_et_gb_content_width":"","_mi_skip_tracking":false,"jetpack_post_was_ever_published":false,"jetpack_publicize_message":"","jetpack_is_tweetstorm":false,"jetpack_publicize_feature_enabled":true,"jetpack_social_post_already_shared":true,"jetpack_social_options":[]},"categories":[23],"tags":[12,80,33,81],"jetpack_publicize_connections":[],"yoast_head":"<!-- This site is optimized with the Yoast SEO plugin v20.4 - https:\/\/yoast.com\/wordpress\/plugins\/seo\/ -->\n<title>Fachkr\u00e4fteangel: Die Werbekampagne in K\u00f6ln - BleckmannSchulze | Insights<\/title>\n<meta name=\"description\" content=\"Die \u201eFachkr\u00e4fteangel\u201c begegnet Ihnen derzeit auf digitalen Anzeigen im K\u00f6lner Stra\u00dfenverkehr? Was es damit auf sich hat, erfahren Sie hier.\" \/>\n<meta name=\"robots\" content=\"index, follow, max-snippet:-1, max-image-preview:large, max-video-preview:-1\" \/>\n<link rel=\"canonical\" href=\"https:\/\/www.bleckmannschulze.de\/blog\/bs\/2019\/03\/01\/fachkraefteangel-die-werbekampagne-in-koeln\/\" \/>\n<meta property=\"og:locale\" content=\"de_DE\" \/>\n<meta property=\"og:type\" content=\"article\" \/>\n<meta property=\"og:title\" content=\"Fachkr\u00e4fteangel: Die Werbekampagne in K\u00f6ln - BleckmannSchulze | Insights\" \/>\n<meta property=\"og:description\" content=\"Die \u201eFachkr\u00e4fteangel\u201c begegnet Ihnen derzeit auf digitalen Anzeigen im K\u00f6lner Stra\u00dfenverkehr? Was es damit auf sich hat, erfahren Sie hier.\" \/>\n<meta property=\"og:url\" content=\"https:\/\/www.bleckmannschulze.de\/blog\/bs\/2019\/03\/01\/fachkraefteangel-die-werbekampagne-in-koeln\/\" \/>\n<meta property=\"og:site_name\" content=\"BleckmannSchulze | Insights\" \/>\n<meta property=\"article:published_time\" content=\"2019-03-01T06:40:49+00:00\" \/>\n<meta property=\"og:image\" content=\"https:\/\/www.bleckmannschulze.de\/blog\/bs\/wp-content\/uploads\/2019\/02\/Fachkraefteangel.jpg\" \/>\n\t<meta property=\"og:image:width\" content=\"1200\" \/>\n\t<meta property=\"og:image:height\" content=\"835\" \/>\n\t<meta property=\"og:image:type\" content=\"image\/jpeg\" \/>\n<meta name=\"author\" content=\"Joas Kotzsch\" \/>\n<meta name=\"twitter:card\" content=\"summary_large_image\" \/>\n<meta name=\"twitter:label1\" content=\"Verfasst von\" \/>\n\t<meta name=\"twitter:data1\" content=\"Joas Kotzsch\" \/>\n\t<meta name=\"twitter:label2\" content=\"Gesch\u00e4tzte Lesezeit\" \/>\n\t<meta name=\"twitter:data2\" content=\"3 Minuten\" \/>\n<script type=\"application\/ld+json\" class=\"yoast-schema-graph\">{\"@context\":\"https:\/\/schema.org\",\"@graph\":[{\"@type\":\"WebPage\",\"@id\":\"https:\/\/www.bleckmannschulze.de\/blog\/bs\/2019\/03\/01\/fachkraefteangel-die-werbekampagne-in-koeln\/\",\"url\":\"https:\/\/www.bleckmannschulze.de\/blog\/bs\/2019\/03\/01\/fachkraefteangel-die-werbekampagne-in-koeln\/\",\"name\":\"Fachkr\u00e4fteangel: Die Werbekampagne in K\u00f6ln - BleckmannSchulze | Insights\",\"isPartOf\":{\"@id\":\"https:\/\/www.bleckmannschulze.de\/blog\/bs\/#website\"},\"datePublished\":\"2019-03-01T06:40:49+00:00\",\"dateModified\":\"2019-03-01T06:40:49+00:00\",\"author\":{\"@id\":\"https:\/\/www.bleckmannschulze.de\/blog\/bs\/#\/schema\/person\/18b99a8c48312d0c1c1063a8bc0f6854\"},\"description\":\"Die \u201eFachkr\u00e4fteangel\u201c begegnet Ihnen derzeit auf digitalen Anzeigen im K\u00f6lner Stra\u00dfenverkehr? Was es damit auf sich hat, erfahren Sie hier.\",\"breadcrumb\":{\"@id\":\"https:\/\/www.bleckmannschulze.de\/blog\/bs\/2019\/03\/01\/fachkraefteangel-die-werbekampagne-in-koeln\/#breadcrumb\"},\"inLanguage\":\"de-DE\",\"potentialAction\":[{\"@type\":\"ReadAction\",\"target\":[\"https:\/\/www.bleckmannschulze.de\/blog\/bs\/2019\/03\/01\/fachkraefteangel-die-werbekampagne-in-koeln\/\"]}]},{\"@type\":\"BreadcrumbList\",\"@id\":\"https:\/\/www.bleckmannschulze.de\/blog\/bs\/2019\/03\/01\/fachkraefteangel-die-werbekampagne-in-koeln\/#breadcrumb\",\"itemListElement\":[{\"@type\":\"ListItem\",\"position\":1,\"name\":\"Startseite\",\"item\":\"https:\/\/www.bleckmannschulze.de\/blog\/bs\/\"},{\"@type\":\"ListItem\",\"position\":2,\"name\":\"Fachkr\u00e4fteangel: Die Werbekampagne in K\u00f6ln\"}]},{\"@type\":\"WebSite\",\"@id\":\"https:\/\/www.bleckmannschulze.de\/blog\/bs\/#website\",\"url\":\"https:\/\/www.bleckmannschulze.de\/blog\/bs\/\",\"name\":\"BleckmannSchulze | Insights\",\"description\":\"\",\"potentialAction\":[{\"@type\":\"SearchAction\",\"target\":{\"@type\":\"EntryPoint\",\"urlTemplate\":\"https:\/\/www.bleckmannschulze.de\/blog\/bs\/?s={search_term_string}\"},\"query-input\":\"required name=search_term_string\"}],\"inLanguage\":\"de-DE\"},{\"@type\":\"Person\",\"@id\":\"https:\/\/www.bleckmannschulze.de\/blog\/bs\/#\/schema\/person\/18b99a8c48312d0c1c1063a8bc0f6854\",\"name\":\"Joas Kotzsch\",\"description\":\"ist verantwortlich f\u00fcr die Social Media Kommunikation innerhalb der WUM Gruppe. Als Gesch\u00e4ftsf\u00fchrer der DS Werbeagentur, die zur WUM Gruppe geh\u00f6rt, ber\u00e4t er Kunden rund ums Social Web und die Unternehmens-PR. Privat ist er ebenfalls als Blogger unterwegs. Er schreibt regelm\u00e4\u00dfig f\u00fcr das Bonner Stadtportal Bundesstadt.com und auf seinem Fahrradblog Kettenpeitscher.\",\"url\":\"https:\/\/www.bleckmannschulze.de\/blog\/bs\/author\/joas\/\"}]}<\/script>\n<!-- \/ Yoast SEO plugin. -->","yoast_head_json":{"title":"Fachkr\u00e4fteangel: Die Werbekampagne in K\u00f6ln - BleckmannSchulze | Insights","description":"Die \u201eFachkr\u00e4fteangel\u201c begegnet Ihnen derzeit auf digitalen Anzeigen im K\u00f6lner Stra\u00dfenverkehr? Was es damit auf sich hat, erfahren Sie hier.","robots":{"index":"index","follow":"follow","max-snippet":"max-snippet:-1","max-image-preview":"max-image-preview:large","max-video-preview":"max-video-preview:-1"},"canonical":"https:\/\/www.bleckmannschulze.de\/blog\/bs\/2019\/03\/01\/fachkraefteangel-die-werbekampagne-in-koeln\/","og_locale":"de_DE","og_type":"article","og_title":"Fachkr\u00e4fteangel: Die Werbekampagne in K\u00f6ln - BleckmannSchulze | Insights","og_description":"Die \u201eFachkr\u00e4fteangel\u201c begegnet Ihnen derzeit auf digitalen Anzeigen im K\u00f6lner Stra\u00dfenverkehr? Was es damit auf sich hat, erfahren Sie hier.","og_url":"https:\/\/www.bleckmannschulze.de\/blog\/bs\/2019\/03\/01\/fachkraefteangel-die-werbekampagne-in-koeln\/","og_site_name":"BleckmannSchulze | Insights","article_published_time":"2019-03-01T06:40:49+00:00","og_image":[{"width":1200,"height":835,"url":"https:\/\/www.bleckmannschulze.de\/blog\/bs\/wp-content\/uploads\/2019\/02\/Fachkraefteangel.jpg","type":"image\/jpeg"}],"author":"Joas Kotzsch","twitter_card":"summary_large_image","twitter_misc":{"Verfasst von":"Joas Kotzsch","Gesch\u00e4tzte Lesezeit":"3 Minuten"},"schema":{"@context":"https:\/\/schema.org","@graph":[{"@type":"WebPage","@id":"https:\/\/www.bleckmannschulze.de\/blog\/bs\/2019\/03\/01\/fachkraefteangel-die-werbekampagne-in-koeln\/","url":"https:\/\/www.bleckmannschulze.de\/blog\/bs\/2019\/03\/01\/fachkraefteangel-die-werbekampagne-in-koeln\/","name":"Fachkr\u00e4fteangel: Die Werbekampagne in K\u00f6ln - BleckmannSchulze | Insights","isPartOf":{"@id":"https:\/\/www.bleckmannschulze.de\/blog\/bs\/#website"},"datePublished":"2019-03-01T06:40:49+00:00","dateModified":"2019-03-01T06:40:49+00:00","author":{"@id":"https:\/\/www.bleckmannschulze.de\/blog\/bs\/#\/schema\/person\/18b99a8c48312d0c1c1063a8bc0f6854"},"description":"Die \u201eFachkr\u00e4fteangel\u201c begegnet Ihnen derzeit auf digitalen Anzeigen im K\u00f6lner Stra\u00dfenverkehr? Was es damit auf sich hat, erfahren Sie hier.","breadcrumb":{"@id":"https:\/\/www.bleckmannschulze.de\/blog\/bs\/2019\/03\/01\/fachkraefteangel-die-werbekampagne-in-koeln\/#breadcrumb"},"inLanguage":"de-DE","potentialAction":[{"@type":"ReadAction","target":["https:\/\/www.bleckmannschulze.de\/blog\/bs\/2019\/03\/01\/fachkraefteangel-die-werbekampagne-in-koeln\/"]}]},{"@type":"BreadcrumbList","@id":"https:\/\/www.bleckmannschulze.de\/blog\/bs\/2019\/03\/01\/fachkraefteangel-die-werbekampagne-in-koeln\/#breadcrumb","itemListElement":[{"@type":"ListItem","position":1,"name":"Startseite","item":"https:\/\/www.bleckmannschulze.de\/blog\/bs\/"},{"@type":"ListItem","position":2,"name":"Fachkr\u00e4fteangel: Die Werbekampagne in K\u00f6ln"}]},{"@type":"WebSite","@id":"https:\/\/www.bleckmannschulze.de\/blog\/bs\/#website","url":"https:\/\/www.bleckmannschulze.de\/blog\/bs\/","name":"BleckmannSchulze | Insights","description":"","potentialAction":[{"@type":"SearchAction","target":{"@type":"EntryPoint","urlTemplate":"https:\/\/www.bleckmannschulze.de\/blog\/bs\/?s={search_term_string}"},"query-input":"required name=search_term_string"}],"inLanguage":"de-DE"},{"@type":"Person","@id":"https:\/\/www.bleckmannschulze.de\/blog\/bs\/#\/schema\/person\/18b99a8c48312d0c1c1063a8bc0f6854","name":"Joas Kotzsch","description":"ist verantwortlich f\u00fcr die Social Media Kommunikation innerhalb der WUM Gruppe. Als Gesch\u00e4ftsf\u00fchrer der DS Werbeagentur, die zur WUM Gruppe geh\u00f6rt, ber\u00e4t er Kunden rund ums Social Web und die Unternehmens-PR. Privat ist er ebenfalls als Blogger unterwegs. Er schreibt regelm\u00e4\u00dfig f\u00fcr das Bonner Stadtportal Bundesstadt.com und auf seinem Fahrradblog Kettenpeitscher.","url":"https:\/\/www.bleckmannschulze.de\/blog\/bs\/author\/joas\/"}]}},"jetpack_featured_media_url":"https:\/\/www.bleckmannschulze.de\/blog\/bs\/wp-content\/uploads\/2019\/02\/Fachkraefteangel.jpg","jetpack_sharing_enabled":true,"jetpack_shortlink":"https:\/\/wp.me\/p7PzL6-9d","jetpack-related-posts":[{"id":178,"url":"https:\/\/www.bleckmannschulze.de\/blog\/bs\/2017\/03\/17\/bleckmannschulze-bs-partnerservices-die-bilderbuch-beziehung\/","url_meta":{"origin":571,"position":0},"title":"BleckmannSchulze &#038; BS PartnerServices: Die Bilderbuch-Beziehung","date":"17. M\u00e4rz 2017","format":false,"excerpt":"Sie sto\u00dfen beim Googeln von \u201eBleckmannSchulze\u201c auf \u201eBleckmannSchulze PartnerServices\u201c (BS PartnerServices)? Was hat es mit dem Namensvetter, ebenfalls ans\u00e4ssig in K\u00f6ln, auf sich? Bringt er f\u00fcr Sie als Bewerber, Mitarbeiter oder Kunde von BleckmannSchulze Vorteile? Dieser Beitrag bringt Licht ins Dunkel. BleckmannSchulze in K\u00f6ln \u2013 nicht woanders 2002 machten R\u00fcdiger\u2026","rel":"","context":"In &quot;\u00dcber uns&quot;","img":{"alt_text":"BleckmannSchulze und BleckmannSchulze PartnerServices beide in K\u00f6ln ans\u00e4ssig","src":"https:\/\/i0.wp.com\/www.bleckmannschulze.de\/blog\/bs\/wp-content\/uploads\/2017\/03\/Bilderbuchbeziehung.jpg?resize=350%2C200&ssl=1","width":350,"height":200},"classes":[]},{"id":837,"url":"https:\/\/www.bleckmannschulze.de\/blog\/bs\/2019\/12\/16\/sharky-hautnah-bleckmannschulze-und-die-koelner-haie\/","url_meta":{"origin":571,"position":1},"title":"BleckmannSchulze und die K\u00f6lner Haie &#8211; Sharky hautnah!","date":"16. Dezember 2019","format":false,"excerpt":"Was haben die K\u00f6lner Haie und BleckmannSchulze gemeinsam? Richtig, beide sind K\u00f6lner Urgesteine und somit \u201etypisch K\u00f6lsch\u201c. Obwohl ich schon lange in K\u00f6ln lebe, habe ich es dennoch nie zu den K\u00f6lner Haien geschafft. Umso mehr habe ich mich gefreut, als ich bei BleckmannSchulze zwei Karten f\u00fcr ein KEC-Spiel gewonnen\u2026","rel":"","context":"In &quot;\u00dcber uns&quot;","img":{"alt_text":"K\u00f6lner Haie in Aktion","src":"https:\/\/i0.wp.com\/www.bleckmannschulze.de\/blog\/bs\/wp-content\/uploads\/2019\/12\/Titelbild-KEC.jpg?resize=350%2C200&ssl=1","width":350,"height":200},"classes":[]},{"id":227,"url":"https:\/\/www.bleckmannschulze.de\/blog\/bs\/2017\/08\/25\/das-bleckmannschulze-buero-laecheln-ankommen-begeistern\/","url_meta":{"origin":571,"position":2},"title":"Das BleckmannSchulze-B\u00fcro: L\u00e4cheln, ankommen, begeistern","date":"25. August 2017","format":false,"excerpt":"Waren Sie als Bewerber oder Mitarbeiter schon einmal im BleckmannSchulze-B\u00fcro im MediaPark K\u00f6ln? Meine B\u00fcrotour zeigt Ihnen, was Sie bei diesem Personaldienstleister in K\u00f6ln erwartet. Schon einmal vorab: BleckmannSchulze gibt viel daf\u00fcr, dass Sie sich wohlf\u00fchlen. Wer ist schon \u00fcberzeugend im Vorstellungsgespr\u00e4ch, wenn die Atmosph\u00e4re zum Wegrennen ist? Begleiten Sie\u2026","rel":"","context":"In &quot;\u00dcber uns&quot;","img":{"alt_text":"Das BleckmannSchulze-B\u00fcro in K\u00f6ln im MediaPark","src":"https:\/\/i0.wp.com\/www.bleckmannschulze.de\/blog\/bs\/wp-content\/uploads\/2017\/08\/BleckmannSchulze-buero.jpg?resize=350%2C200&ssl=1","width":350,"height":200},"classes":[]},{"id":528,"url":"https:\/\/www.bleckmannschulze.de\/blog\/bs\/2018\/11\/28\/bester-dienstleister-2019-platz-1-fuer-bleckmannschulze\/","url_meta":{"origin":571,"position":3},"title":"Bester Dienstleister 2019: 1. Platz f\u00fcr BleckmannSchulze!","date":"28. November 2018","format":false,"excerpt":"BS News: K\u00f6ln, 27. November 2018. BleckmannSchulze in K\u00f6ln erh\u00e4lt die Auszeichnung \u201eBester Dienstleister 2019\u201c und best\u00e4tigt damit die eigene Vorreiterrolle in der Personaldienstleistung im deutschsprachigen Raum. Das Unternehmen setzt sich gegen \u00fcber 13.000 Konkurrenten bei kununu durch \u2013 darauf ist das BleckmannSchulze Team nat\u00fcrlich stolz wie Bolle! Bester Dienstleister\u2026","rel":"","context":"In &quot;\u00dcber uns&quot;","img":{"alt_text":"Bester Dientstleister 2019 ist BleckmannSchulze aus K\u00f6ln","src":"https:\/\/i0.wp.com\/www.bleckmannschulze.de\/blog\/bs\/wp-content\/uploads\/2018\/11\/Bester-Dienstleister-2019.jpg?resize=350%2C200&ssl=1","width":350,"height":200},"classes":[]},{"id":186,"url":"https:\/\/www.bleckmannschulze.de\/blog\/bs\/2017\/04\/24\/das-boese-phantom-arbeitnehmerueberlassung-wie-viel-wahres-steckt-dahinter\/","url_meta":{"origin":571,"position":4},"title":"Das b\u00f6se Phantom Arbeitnehmer\u00fcberlassung \u2013 Wie viel Wahres steckt dahinter?","date":"24. April 2017","format":false,"excerpt":"Mit den \u00c4nderungen des Arbeitnehmer\u00fcberlassungsgesetzes zum April 2017 sind auch unsere Bewerber f\u00fcr die Branche der Arbeitnehmer\u00fcberlassung (auch: Zeitarbeit) vermehrt sensibilisiert. Dabei zeigt sich Informationsbedarf zu g\u00e4ngigen Vorurteilen. Wie stehen Sie zum Thema Arbeitnehmer\u00fcberlassung? Denken Sie von sich selbst, dass Sie up-to-date sind? Im Folgenden gebe ich Ihnen einen aktuellen\u2026","rel":"","context":"In &quot;Im Dialog&quot;","img":{"alt_text":"Arbeitnehmer\u00fcberlassung nur ein Phantom","src":"https:\/\/i0.wp.com\/www.bleckmannschulze.de\/blog\/bs\/wp-content\/uploads\/2017\/04\/Arbeitnehmerueberlassung.jpg?resize=350%2C200&ssl=1","width":350,"height":200},"classes":[]},{"id":315,"url":"https:\/\/www.bleckmannschulze.de\/blog\/bs\/2018\/01\/19\/top-arbeitgeber-mittelstand-bleckmannschulze-in-koeln\/","url_meta":{"origin":571,"position":5},"title":"Top Arbeitgeber Mittelstand: BleckmannSchulze in K\u00f6ln","date":"19. Januar 2018","format":false,"excerpt":"BleckmannSchulze in K\u00f6ln belegt als Top Arbeitgeber Mittelstand 2018 in der \u201eDACH\u201c-Region (Deutschland, \u00d6sterreich, Schweiz; laut kununu und FOCUS) eine Platzierung in den Top 10! Nachdem wir k\u00fcrzlich zu einem der familienfreundlichsten Unternehmen Deutschlands gek\u00fcrt wurden, sind wir doppelt stolz. Wie kommt diese Auszeichnung zustande? Das ist leicht zu beantworten:\u2026","rel":"","context":"In &quot;\u00dcber uns&quot;","img":{"alt_text":"BleckmannSchulze aus K\u00f6ln wurde von Focus zum Top-Arbeitgeber im Mittelstand gew\u00e4hlt","src":"https:\/\/i0.wp.com\/www.bleckmannschulze.de\/blog\/bs\/wp-content\/uploads\/2018\/01\/Top-Arbeitgeber-Mittelstand.jpg?resize=350%2C200&ssl=1","width":350,"height":200},"classes":[]}],"_links":{"self":[{"href":"https:\/\/www.bleckmannschulze.de\/blog\/bs\/wp-json\/wp\/v2\/posts\/571"}],"collection":[{"href":"https:\/\/www.bleckmannschulze.de\/blog\/bs\/wp-json\/wp\/v2\/posts"}],"about":[{"href":"https:\/\/www.bleckmannschulze.de\/blog\/bs\/wp-json\/wp\/v2\/types\/post"}],"author":[{"embeddable":true,"href":"https:\/\/www.bleckmannschulze.de\/blog\/bs\/wp-json\/wp\/v2\/users\/3"}],"replies":[{"embeddable":true,"href":"https:\/\/www.bleckmannschulze.de\/blog\/bs\/wp-json\/wp\/v2\/comments?post=571"}],"version-history":[{"count":4,"href":"https:\/\/www.bleckmannschulze.de\/blog\/bs\/wp-json\/wp\/v2\/posts\/571\/revisions"}],"predecessor-version":[{"id":583,"href":"https:\/\/www.bleckmannschulze.de\/blog\/bs\/wp-json\/wp\/v2\/posts\/571\/revisions\/583"}],"wp:featuredmedia":[{"embeddable":true,"href":"https:\/\/www.bleckmannschulze.de\/blog\/bs\/wp-json\/wp\/v2\/media\/582"}],"wp:attachment":[{"href":"https:\/\/www.bleckmannschulze.de\/blog\/bs\/wp-json\/wp\/v2\/media?parent=571"}],"wp:term":[{"taxonomy":"category","embeddable":true,"href":"https:\/\/www.bleckmannschulze.de\/blog\/bs\/wp-json\/wp\/v2\/categories?post=571"},{"taxonomy":"post_tag","embeddable":true,"href":"https:\/\/www.bleckmannschulze.de\/blog\/bs\/wp-json\/wp\/v2\/tags?post=571"}],"curies":[{"name":"wp","href":"https:\/\/api.w.org\/{rel}","templated":true}]}}