{"id":560,"date":"2019-01-24T08:15:37","date_gmt":"2019-01-24T07:15:37","guid":{"rendered":"https:\/\/www.bleckmannschulze.de\/blog\/bs\/?p=560"},"modified":"2020-02-12T14:53:42","modified_gmt":"2020-02-12T13:53:42","slug":"jobwechsel-darauf-kommt-es-an","status":"publish","type":"post","link":"https:\/\/www.bleckmannschulze.de\/blog\/bs\/2019\/01\/24\/jobwechsel-darauf-kommt-es-an\/","title":{"rendered":"Jobwechsel: Darauf kommt es an"},"content":{"rendered":"<p><strong><span style=\"font-family: -apple-system, BlinkMacSystemFont, 'Segoe UI', Roboto, Oxygen-Sans, Ubuntu, Cantarell, 'Helvetica Neue', sans-serif;\">Ihr aktueller Arbeitsplatz ist nicht (mehr) das Gelbe vom Ei. Sie denken \u00fcber Ihren Jobwechsel nach oder sind bereits auf konkreter <\/span><a style=\"font-family: -apple-system, BlinkMacSystemFont, 'Segoe UI', Roboto, Oxygen-Sans, Ubuntu, Cantarell, 'Helvetica Neue', sans-serif;\" href=\"https:\/\/www.bleckmannschulze.de\/#stellenangebote\">Jobsuche<\/a><\/strong><span style=\"font-family: -apple-system, BlinkMacSystemFont, 'Segoe UI', Roboto, Oxygen-Sans, Ubuntu, Cantarell, 'Helvetica Neue', sans-serif;\"><strong>. Warum \u00fcberhaupt wechseln? Was gilt es zu beachten?<\/strong> <\/span><\/p>\n<p><span style=\"font-family: -apple-system, BlinkMacSystemFont, 'Segoe UI', Roboto, Oxygen-Sans, Ubuntu, Cantarell, 'Helvetica Neue', sans-serif;\">Dieser Beitrag gibt Ihnen Ihren pers\u00f6nlichen Wegweiser f\u00fcr Ihr Vorhaben mit.<\/span><\/p>\n<h3>Die h\u00e4ufigsten Gr\u00fcnde f\u00fcr den Jobwechsel<\/h3>\n<p>Nicht selten sind es <a href=\"https:\/\/www.kununu.com\/\">falsche Versprechungen des Arbeitgebers<\/a> (zum Beispiel zum T\u00e4tigkeitsbereich), die zum Jobwechsel motivieren. Auch fehlende Wertsch\u00e4tzung oder eine bedr\u00fcckende Teamatmosph\u00e4re z\u00e4hlen dazu. Es kann jedoch genauso der Wandel der pers\u00f6nlichen Lebensumst\u00e4nde sein. Ein Umzug oder Familienzuwachs kreieren eine neue Situation f\u00fcr Sie als Arbeitnehmer. Auch die \u201e<a href=\"https:\/\/www.bleckmannschulze.de\/blog\/bs\/2017\/10\/20\/familienfreundlichkeit-bei-bleckmannschulze\/\">Work-Life-Balance<\/a>\u201c ist gerade bei der aktuellen Arbeitsmarktsituation ein h\u00e4ufiger Grund. Wenig Kandidaten, viele offene Stellen: Arbeitnehmer k\u00f6nnen Forderungen an ihren Arbeitgeber stellen, ohne berufliche Nachteile f\u00fcrchten zu m\u00fcssen.<\/p>\n<p>Kurzum: Mit Ihren Gedanken f\u00fcr Ihren Jobwechsel sind Sie also vermutlich in bester Gesellschaft!<\/p>\n<h3>Jobsuche: So vermeiden Sie Fehlgriffe<\/h3>\n<p>Wenn Sie sich bereits f\u00fcr Ihren Jobwechsel entschieden haben, <a href=\"https:\/\/www.bleckmannschulze.de\/blog\/bs\/2018\/10\/19\/arbeitgeberbewertungen-fluch-oder-segen\/\">pr\u00fcfen Sie Ihren zuk\u00fcnftigen Arbeitgeber auf Herz und Nieren<\/a>. Doch Achtung: Hier ist dennoch Ihr Feingef\u00fchl gefordert! Beim <a href=\"https:\/\/www.bleckmannschulze.de\/blog\/bs\/2017\/09\/29\/meine-tipps-fuer-ihr-vorstellungsgespraech\/\">ersten Kennenlerngespr\u00e4ch<\/a> k\u00f6nnen zu harte Verhandlungsfragen die Atmosph\u00e4re vergiften. F\u00fcr unter anderem Konditionsverhandlungen empfehle ich Ihnen daher die Unterst\u00fctzung von einem <a href=\"https:\/\/www.bleckmannschulze.de\/blog\/bs\/2018\/07\/18\/recruiter-bei-bs-4711-kicker-und-sushi\/\">kompetenten Personalberater<\/a>. Dieser erreicht f\u00fcr Sie durch Erfahrung und Verhandlungsgeschick mit einer hohen Wahrscheinlichkeit das beste Ergebnis.<\/p>\n<p>Auch f\u00fcr die richtige Jobwahl im Hinblick auf Ihr Aufgabengebiet kann der Personalberater Ihnen einen wertvollen Mehrwert bieten. <a href=\"https:\/\/www.bleckmannschulze.de\/blog\/bs\/2018\/11\/28\/bester-dienstleister-2019-platz-1-fuer-bleckmannschulze\/\">Wir bei BleckmannSchulze<\/a> nehmen Sie in einem umfassenden pers\u00f6nlichen Kennenlernen ganzheitlich unter die Lupe: Mitsamt Ihrer Pers\u00f6nlichkeit, Ihrer St\u00e4rken und Schw\u00e4chen sowie Ihrer W\u00fcnsche und Bed\u00fcrfnisse. Auf dieser Basis bieten wir Ihnen passende Jobangebote. F\u00fcr manch einen \u00fcberraschend, er\u00f6ffnen sich f\u00fcr Sie m\u00f6glicherweise neue Perspektiven.<\/p>\n<p>Falls m\u00f6glich, nehmen Sie in Ihrem zuk\u00fcnftigen Unternehmen einen Schnuppertag an. So lernen Sie Ihr kollegiales Umfeld und die Arbeitsatmosph\u00e4re am besten kennen. Job ja oder nein? Vertrauen Sie bez\u00fcglich der sozialen Passung auf Ihr <a href=\"https:\/\/www.bleckmannschulze.de\/blog\/bs\/2017\/08\/25\/das-bleckmannschulze-buero-laecheln-ankommen-begeistern\/\">Bauchgef\u00fchl<\/a> \u2013 denn das kommt nicht von ungef\u00e4hr!<\/p>\n<h3>Formalia f\u00fcr Ihren Jobwechsel<\/h3>\n<p>Damit alles reibungslos verl\u00e4uft, <a href=\"https:\/\/www.bs-hoffmann.de\/blog\/hoffmann\/2018\/10\/19\/job-kuendigen-tipps-fuer-ihr-vorgehen\/\">reichen Sie Ihre K\u00fcndigung fristgerecht bei Ihrem aktuellen Arbeitgeber ein<\/a>. Je nach vereinbarter Frist f\u00fcr Ihre K\u00fcndigung und Ihrer Beziehung zum Arbeitgeber verhandeln Sie ggf. \u00fcber einen fr\u00fchzeitigen Ausstieg via Aufhebung. Nehmen Sie Letztere allerdings nur in Anspruch, wenn Sie Ihren neuen Job bereits sicher haben. <a href=\"https:\/\/www.finanztip.de\/sperrzeit-arbeitslosengeld\/\">Von eventuell staatlichen Leistungen w\u00e4hrend Ihrer jobfreien Zeit sind Sie sonst schnell ausgenommen<\/a>. Haben Sie noch Urlaubsanspruch, haben Sie die Wahl: Auszahlen lassen oder in Anspruch nehmen.<\/p>\n<p>Nach K\u00fcndigung und letztendlicher Beendigung Ihres Jobs fordern Sie ein <a href=\"https:\/\/karrierebibel.de\/qualifiziertes-arbeitszeugnis\/\">qualifiziertes Arbeitszeugnis<\/a> ein. Der Arbeitgeber ist verpflichtet, Ihnen ein wohlwollendes Zeugnis auszustellen.<\/p>\n<h3>Wo stehen Sie gerade?<\/h3>\n<p>Sie zweifeln noch, ob Sie den Schritt zu Ihrem neuen Job wagen? Vielleicht hilft Ihnen schon ein Gespr\u00e4ch beim Personalberater weiter. Letzterer gibt Ihnen die Chance, die Kontrolle \u00fcber Ihre Situation zur\u00fcckzugewinnen. Zus\u00e4tzlich holen Sie sich eine qualifizierte zweite Meinung ein ohne Risiko, denn: Personalberater sind \u2013 wie auch \u00c4rzte \u2013 zum Stillschweigen verpflichtet.<\/p>\n<p>Jobwechsel ja oder nein \u2013 Nehmen Sie das Zepter in Hand, sprechen Sie uns gerne an.<\/p>\n<p><em>Beitragsbild: \u00a9 <a href=\"https:\/\/www.istockphoto.com\/de\/portfolio\/marchmeena29?assettype=image&amp;mediatype=photography&amp;sort=best\">marchmeena29<\/a>\u00a0\u2013\u00a0istock.com<\/em><\/p>\n","protected":false},"excerpt":{"rendered":"<p>Ihr aktueller Arbeitsplatz ist nicht (mehr) das Gelbe vom Ei. Sie denken \u00fcber Ihren Jobwechsel nach oder sind bereits auf konkreter Jobsuche. Warum \u00fcberhaupt wechseln? Was gilt es zu beachten? Dieser Beitrag gibt Ihnen Ihren pers\u00f6nlichen Wegweiser f\u00fcr Ihr Vorhaben mit. Die h\u00e4ufigsten Gr\u00fcnde f\u00fcr den Jobwechsel Nicht selten sind es falsche Versprechungen des Arbeitgebers [&hellip;]<\/p>\n","protected":false},"author":9,"featured_media":562,"comment_status":"open","ping_status":"open","sticky":false,"template":"","format":"standard","meta":{"_et_pb_use_builder":"","_et_pb_old_content":"","_et_gb_content_width":"","_mi_skip_tracking":false,"jetpack_post_was_ever_published":false,"jetpack_publicize_message":"","jetpack_is_tweetstorm":false,"jetpack_publicize_feature_enabled":true,"jetpack_social_post_already_shared":true,"jetpack_social_options":[]},"categories":[32],"tags":[31,77,79,78],"jetpack_publicize_connections":[],"yoast_head":"<!-- This site is optimized with the Yoast SEO plugin v20.4 - https:\/\/yoast.com\/wordpress\/plugins\/seo\/ -->\n<title>Jobwechsel: Darauf kommt es an - BleckmannSchulze | Insights<\/title>\n<meta name=\"description\" content=\"Ihr aktueller Job ist nicht (mehr) das Gelbe vom Ei. Sie denken \u00fcber Ihren Jobwechsel nach oder sind bereits auf konkreter Jobsuche? So gehen Sie nun vor.\" \/>\n<meta name=\"robots\" content=\"index, follow, max-snippet:-1, max-image-preview:large, max-video-preview:-1\" \/>\n<link rel=\"canonical\" href=\"https:\/\/www.bleckmannschulze.de\/blog\/bs\/2019\/01\/24\/jobwechsel-darauf-kommt-es-an\/\" \/>\n<meta property=\"og:locale\" content=\"de_DE\" \/>\n<meta property=\"og:type\" content=\"article\" \/>\n<meta property=\"og:title\" content=\"Jobwechsel: Darauf kommt es an - BleckmannSchulze | Insights\" \/>\n<meta property=\"og:description\" content=\"Ihr aktueller Job ist nicht (mehr) das Gelbe vom Ei. Sie denken \u00fcber Ihren Jobwechsel nach oder sind bereits auf konkreter Jobsuche? So gehen Sie nun vor.\" \/>\n<meta property=\"og:url\" content=\"https:\/\/www.bleckmannschulze.de\/blog\/bs\/2019\/01\/24\/jobwechsel-darauf-kommt-es-an\/\" \/>\n<meta property=\"og:site_name\" content=\"BleckmannSchulze | Insights\" \/>\n<meta property=\"article:published_time\" content=\"2019-01-24T07:15:37+00:00\" \/>\n<meta property=\"article:modified_time\" content=\"2020-02-12T13:53:42+00:00\" \/>\n<meta property=\"og:image\" content=\"https:\/\/www.bleckmannschulze.de\/blog\/bs\/wp-content\/uploads\/2019\/01\/Jobwechsel.jpg\" \/>\n\t<meta property=\"og:image:width\" content=\"1200\" \/>\n\t<meta property=\"og:image:height\" content=\"734\" \/>\n\t<meta property=\"og:image:type\" content=\"image\/jpeg\" \/>\n<meta name=\"author\" content=\"Petra Land-McGraw\" \/>\n<meta name=\"twitter:card\" content=\"summary_large_image\" \/>\n<meta name=\"twitter:label1\" content=\"Verfasst von\" \/>\n\t<meta name=\"twitter:data1\" content=\"Petra Land-McGraw\" \/>\n\t<meta name=\"twitter:label2\" content=\"Gesch\u00e4tzte Lesezeit\" \/>\n\t<meta name=\"twitter:data2\" content=\"3 Minuten\" \/>\n<script type=\"application\/ld+json\" class=\"yoast-schema-graph\">{\"@context\":\"https:\/\/schema.org\",\"@graph\":[{\"@type\":\"WebPage\",\"@id\":\"https:\/\/www.bleckmannschulze.de\/blog\/bs\/2019\/01\/24\/jobwechsel-darauf-kommt-es-an\/\",\"url\":\"https:\/\/www.bleckmannschulze.de\/blog\/bs\/2019\/01\/24\/jobwechsel-darauf-kommt-es-an\/\",\"name\":\"Jobwechsel: Darauf kommt es an - BleckmannSchulze | Insights\",\"isPartOf\":{\"@id\":\"https:\/\/www.bleckmannschulze.de\/blog\/bs\/#website\"},\"datePublished\":\"2019-01-24T07:15:37+00:00\",\"dateModified\":\"2020-02-12T13:53:42+00:00\",\"author\":{\"@id\":\"https:\/\/www.bleckmannschulze.de\/blog\/bs\/#\/schema\/person\/f8d5046f2a6b6f69017ec9a8880648b9\"},\"description\":\"Ihr aktueller Job ist nicht (mehr) das Gelbe vom Ei. Sie denken \u00fcber Ihren Jobwechsel nach oder sind bereits auf konkreter Jobsuche? So gehen Sie nun vor.\",\"breadcrumb\":{\"@id\":\"https:\/\/www.bleckmannschulze.de\/blog\/bs\/2019\/01\/24\/jobwechsel-darauf-kommt-es-an\/#breadcrumb\"},\"inLanguage\":\"de-DE\",\"potentialAction\":[{\"@type\":\"ReadAction\",\"target\":[\"https:\/\/www.bleckmannschulze.de\/blog\/bs\/2019\/01\/24\/jobwechsel-darauf-kommt-es-an\/\"]}]},{\"@type\":\"BreadcrumbList\",\"@id\":\"https:\/\/www.bleckmannschulze.de\/blog\/bs\/2019\/01\/24\/jobwechsel-darauf-kommt-es-an\/#breadcrumb\",\"itemListElement\":[{\"@type\":\"ListItem\",\"position\":1,\"name\":\"Startseite\",\"item\":\"https:\/\/www.bleckmannschulze.de\/blog\/bs\/\"},{\"@type\":\"ListItem\",\"position\":2,\"name\":\"Jobwechsel: Darauf kommt es an\"}]},{\"@type\":\"WebSite\",\"@id\":\"https:\/\/www.bleckmannschulze.de\/blog\/bs\/#website\",\"url\":\"https:\/\/www.bleckmannschulze.de\/blog\/bs\/\",\"name\":\"BleckmannSchulze | Insights\",\"description\":\"\",\"potentialAction\":[{\"@type\":\"SearchAction\",\"target\":{\"@type\":\"EntryPoint\",\"urlTemplate\":\"https:\/\/www.bleckmannschulze.de\/blog\/bs\/?s={search_term_string}\"},\"query-input\":\"required name=search_term_string\"}],\"inLanguage\":\"de-DE\"},{\"@type\":\"Person\",\"@id\":\"https:\/\/www.bleckmannschulze.de\/blog\/bs\/#\/schema\/person\/f8d5046f2a6b6f69017ec9a8880648b9\",\"name\":\"Petra Land-McGraw\",\"description\":\"Mein Job bei BS deckt sich mit dem, was mir so richtig Freude bereitet: Mit Menschen zu arbeiten und die richtigen Menschen zusammenzubringen. Mit viel Herzblut k\u00fcmmere ich mich um unsere aktuellen (Neu-)Kunden und Bewerber. Spanne ich mal aus, zieht es mich in die Natur oder zu einem Koch- und Filmeabend mit guten Freunden.\",\"url\":\"https:\/\/www.bleckmannschulze.de\/blog\/bs\/author\/petra\/\"}]}<\/script>\n<!-- \/ Yoast SEO plugin. -->","yoast_head_json":{"title":"Jobwechsel: Darauf kommt es an - BleckmannSchulze | Insights","description":"Ihr aktueller Job ist nicht (mehr) das Gelbe vom Ei. Sie denken \u00fcber Ihren Jobwechsel nach oder sind bereits auf konkreter Jobsuche? So gehen Sie nun vor.","robots":{"index":"index","follow":"follow","max-snippet":"max-snippet:-1","max-image-preview":"max-image-preview:large","max-video-preview":"max-video-preview:-1"},"canonical":"https:\/\/www.bleckmannschulze.de\/blog\/bs\/2019\/01\/24\/jobwechsel-darauf-kommt-es-an\/","og_locale":"de_DE","og_type":"article","og_title":"Jobwechsel: Darauf kommt es an - BleckmannSchulze | Insights","og_description":"Ihr aktueller Job ist nicht (mehr) das Gelbe vom Ei. Sie denken \u00fcber Ihren Jobwechsel nach oder sind bereits auf konkreter Jobsuche? So gehen Sie nun vor.","og_url":"https:\/\/www.bleckmannschulze.de\/blog\/bs\/2019\/01\/24\/jobwechsel-darauf-kommt-es-an\/","og_site_name":"BleckmannSchulze | Insights","article_published_time":"2019-01-24T07:15:37+00:00","article_modified_time":"2020-02-12T13:53:42+00:00","og_image":[{"width":1200,"height":734,"url":"https:\/\/www.bleckmannschulze.de\/blog\/bs\/wp-content\/uploads\/2019\/01\/Jobwechsel.jpg","type":"image\/jpeg"}],"author":"Petra Land-McGraw","twitter_card":"summary_large_image","twitter_misc":{"Verfasst von":"Petra Land-McGraw","Gesch\u00e4tzte Lesezeit":"3 Minuten"},"schema":{"@context":"https:\/\/schema.org","@graph":[{"@type":"WebPage","@id":"https:\/\/www.bleckmannschulze.de\/blog\/bs\/2019\/01\/24\/jobwechsel-darauf-kommt-es-an\/","url":"https:\/\/www.bleckmannschulze.de\/blog\/bs\/2019\/01\/24\/jobwechsel-darauf-kommt-es-an\/","name":"Jobwechsel: Darauf kommt es an - BleckmannSchulze | Insights","isPartOf":{"@id":"https:\/\/www.bleckmannschulze.de\/blog\/bs\/#website"},"datePublished":"2019-01-24T07:15:37+00:00","dateModified":"2020-02-12T13:53:42+00:00","author":{"@id":"https:\/\/www.bleckmannschulze.de\/blog\/bs\/#\/schema\/person\/f8d5046f2a6b6f69017ec9a8880648b9"},"description":"Ihr aktueller Job ist nicht (mehr) das Gelbe vom Ei. Sie denken \u00fcber Ihren Jobwechsel nach oder sind bereits auf konkreter Jobsuche? So gehen Sie nun vor.","breadcrumb":{"@id":"https:\/\/www.bleckmannschulze.de\/blog\/bs\/2019\/01\/24\/jobwechsel-darauf-kommt-es-an\/#breadcrumb"},"inLanguage":"de-DE","potentialAction":[{"@type":"ReadAction","target":["https:\/\/www.bleckmannschulze.de\/blog\/bs\/2019\/01\/24\/jobwechsel-darauf-kommt-es-an\/"]}]},{"@type":"BreadcrumbList","@id":"https:\/\/www.bleckmannschulze.de\/blog\/bs\/2019\/01\/24\/jobwechsel-darauf-kommt-es-an\/#breadcrumb","itemListElement":[{"@type":"ListItem","position":1,"name":"Startseite","item":"https:\/\/www.bleckmannschulze.de\/blog\/bs\/"},{"@type":"ListItem","position":2,"name":"Jobwechsel: Darauf kommt es an"}]},{"@type":"WebSite","@id":"https:\/\/www.bleckmannschulze.de\/blog\/bs\/#website","url":"https:\/\/www.bleckmannschulze.de\/blog\/bs\/","name":"BleckmannSchulze | Insights","description":"","potentialAction":[{"@type":"SearchAction","target":{"@type":"EntryPoint","urlTemplate":"https:\/\/www.bleckmannschulze.de\/blog\/bs\/?s={search_term_string}"},"query-input":"required name=search_term_string"}],"inLanguage":"de-DE"},{"@type":"Person","@id":"https:\/\/www.bleckmannschulze.de\/blog\/bs\/#\/schema\/person\/f8d5046f2a6b6f69017ec9a8880648b9","name":"Petra Land-McGraw","description":"Mein Job bei BS deckt sich mit dem, was mir so richtig Freude bereitet: Mit Menschen zu arbeiten und die richtigen Menschen zusammenzubringen. Mit viel Herzblut k\u00fcmmere ich mich um unsere aktuellen (Neu-)Kunden und Bewerber. Spanne ich mal aus, zieht es mich in die Natur oder zu einem Koch- und Filmeabend mit guten Freunden.","url":"https:\/\/www.bleckmannschulze.de\/blog\/bs\/author\/petra\/"}]}},"jetpack_featured_media_url":"https:\/\/www.bleckmannschulze.de\/blog\/bs\/wp-content\/uploads\/2019\/01\/Jobwechsel.jpg","jetpack_sharing_enabled":true,"jetpack_shortlink":"https:\/\/wp.me\/p7PzL6-92","jetpack-related-posts":[{"id":200,"url":"https:\/\/www.bleckmannschulze.de\/blog\/bs\/2017\/06\/23\/5-bewerbungstipps-vom-profi-so-wird-ihre-bewerbung-zum-erfolg\/","url_meta":{"origin":560,"position":0},"title":"5 Bewerbungstipps vom Profi \u2013 So wird Ihre Bewerbung zum Erfolg","date":"23. Juni 2017","format":false,"excerpt":"Wie lange ben\u00f6tigen Sie f\u00fcr das Erstellen einer einzigen Bewerbung? In der Regel sind mehrere Bewerbungen vonn\u00f6ten \u2013 ziemlich aufwendig die Jobsuche! Damit Sie erfolgreich und m\u00f6glichst stressfrei durch Ihre Bewerbungsphase kommen, ist es f\u00fcr Sie relevant, in kurzer Zeit passgenaue Bewerbungen mit dem gewissen Etwas zu erstellen. Solche Bewerbungen\u2026","rel":"","context":"In &quot;Bewerbungstipps&quot;","img":{"alt_text":"5 Bewerbungstipps vom Profi","src":"https:\/\/i0.wp.com\/www.bleckmannschulze.de\/blog\/bs\/wp-content\/uploads\/2017\/06\/Bewerbungstipps.jpg?resize=350%2C200&ssl=1","width":350,"height":200},"classes":[]},{"id":789,"url":"https:\/\/www.bleckmannschulze.de\/blog\/bs\/2019\/11\/25\/personalberater-vorteile-fuer-kunden-und-bewerber\/","url_meta":{"origin":560,"position":1},"title":"Personalberater \u2013 Vorteile f\u00fcr Kunden und Bewerber","date":"25. November 2019","format":false,"excerpt":"Was macht ein Personalberater? F\u00fcr wen ist so eine Beratung sinnvoll? Fragen \u00fcber Fragen, die auch ich mir stellte, als ich 2019 mein duales Studium startete. F\u00fcr Ihren Durchblick habe ich mir Maik Schulze und R\u00fcdiger Bleckmann (beide Gesch\u00e4ftsf\u00fchrer von BleckmannSchulze) geschnappt und sie zum Thema \u201ePersonalberater\u201c befragt. Maik Schulze\u2026","rel":"","context":"In &quot;Im Dialog&quot;","img":{"alt_text":"Personalberater","src":"https:\/\/i0.wp.com\/www.bleckmannschulze.de\/blog\/bs\/wp-content\/uploads\/2019\/11\/iStock-501223220.jpg?resize=350%2C200&ssl=1","width":350,"height":200},"classes":[]},{"id":514,"url":"https:\/\/www.bleckmannschulze.de\/blog\/bs\/2018\/10\/19\/arbeitgeberbewertungen-fluch-oder-segen\/","url_meta":{"origin":560,"position":2},"title":"Arbeitgeberbewertungen: Fluch oder Segen?","date":"19. Oktober 2018","format":false,"excerpt":"Von den einen geliebt, von den anderen gef\u00fcrchtet und verflucht: Arbeitgeberbewertungen. Wie gehen Bewerber mit dem vielf\u00e4ltigen \u201eBewertungs-Dschungel\u201c auf kununu, glassdoor, StepStone,\u00a011880 und Co. um und wie k\u00f6nnen Unternehmen das alles als Chance f\u00fcr die eigene Erfolgsmaximierung nutzen? Dazu gebe ich Ihnen im folgenden Beitrag Einblick in meine beiden Perspektiven\u2026","rel":"","context":"In &quot;Im Dialog&quot;","img":{"alt_text":"Arbeitgeberbewertungen","src":"https:\/\/i0.wp.com\/www.bleckmannschulze.de\/blog\/bs\/wp-content\/uploads\/2018\/10\/BleckmannSchulze.jpg?resize=350%2C200&ssl=1","width":350,"height":200},"classes":[]},{"id":216,"url":"https:\/\/www.bleckmannschulze.de\/blog\/bs\/2017\/07\/25\/fachkraeftemangel-das-erfolgsrezept-fuer-ihr-unternehmen\/","url_meta":{"origin":560,"position":3},"title":"Fachkr\u00e4ftemangel? Das Erfolgsrezept f\u00fcr Ihr Unternehmen","date":"25. Juli 2017","format":false,"excerpt":"Der Fachkr\u00e4ftemangel ist da. Involviert sind vor allem Berufsfelder in der Technik, dem Bau und der Gesundheits- und Pflegebranche. Was bedeutet das f\u00fcr Sie als Unternehmen, das Fachkr\u00e4fte f\u00fcr den Unternehmenserfolg braucht? Abwarten und \u201eTee trinken\u201c? Personaldienstleistung: Ihre optimale Informationsquelle Personaldienstleister wie BleckmannSchulze bilden die Schnittstelle zwischen Bewerbern und Ihrem\u2026","rel":"","context":"In &quot;Im Dialog&quot;","img":{"alt_text":"Fachkr\u00e4ftemangel - wie Sie als Unternehmen damit umgehen","src":"https:\/\/i0.wp.com\/www.bleckmannschulze.de\/blog\/bs\/wp-content\/uploads\/2017\/07\/Fachkraft-gesucht.jpg?resize=350%2C200&ssl=1","width":350,"height":200},"classes":[]},{"id":246,"url":"https:\/\/www.bleckmannschulze.de\/blog\/bs\/2017\/09\/29\/meine-tipps-fuer-ihr-vorstellungsgespraech\/","url_meta":{"origin":560,"position":4},"title":"Meine Tipps f\u00fcr Ihr Vorstellungsgespr\u00e4ch","date":"29. September 2017","format":false,"excerpt":"Herzlichen Gl\u00fcckwunsch! Sie geh\u00f6ren zu 7 von 10 Bewerbern, die von mir eine Einladung zum Vorstellungsgespr\u00e4ch in das BleckmannSchulze-B\u00fcro erhalten. Was m\u00fcssen Sie nun tun, um mich davon zu \u00fcberzeugen, dass genau Sie der Beste f\u00fcr den Job bei BleckmannSchulze sind? Beachten Sie ein paar einfache Tipps, steht Ihrem Job\u2026","rel":"","context":"In &quot;Bewerbungstipps&quot;","img":{"alt_text":"Tipps f\u00fcr das Vorstellungsgespr\u00e4ch bei BleckmannSchulze in K\u00f6ln","src":"https:\/\/i0.wp.com\/www.bleckmannschulze.de\/blog\/bs\/wp-content\/uploads\/2017\/08\/Vorstellungsgespraech.jpg?resize=350%2C200&ssl=1","width":350,"height":200},"classes":[]},{"id":433,"url":"https:\/\/www.bleckmannschulze.de\/blog\/bs\/2018\/06\/29\/erfolgsfaktoren-im-recruiting\/","url_meta":{"origin":560,"position":5},"title":"Erfolgsfaktoren im Recruiting \u2013 Flaschenhals Fachbereich?","date":"29. Juni 2018","format":false,"excerpt":"Der Bewerbermarkt ist hart umk\u00e4mpft. Gute Mitarbeiter zu rekrutieren, stellt die Herausforderung f\u00fcr Sie als Arbeitgeber dar. Die durchschnittliche Vakanzzeit betr\u00e4gt \u00fcber alle Berufe im Vergleich zum Vorjahr nun 102 Tage (+ 7 Tage). Was bedeutet das f\u00fcr Sie als Unternehmen? Wie steht es um Ihren Bewerbungsprozess?\u00a0Nehmen Sie sich aus\u2026","rel":"","context":"In &quot;Im Dialog&quot;","img":{"alt_text":"Erfolgsfaktoren im Recruiting","src":"https:\/\/i0.wp.com\/www.bleckmannschulze.de\/blog\/bs\/wp-content\/uploads\/2018\/06\/Erfolgsfaktoren-f\u00fcr-Recruiting.jpg?resize=350%2C200&ssl=1","width":350,"height":200},"classes":[]}],"_links":{"self":[{"href":"https:\/\/www.bleckmannschulze.de\/blog\/bs\/wp-json\/wp\/v2\/posts\/560"}],"collection":[{"href":"https:\/\/www.bleckmannschulze.de\/blog\/bs\/wp-json\/wp\/v2\/posts"}],"about":[{"href":"https:\/\/www.bleckmannschulze.de\/blog\/bs\/wp-json\/wp\/v2\/types\/post"}],"author":[{"embeddable":true,"href":"https:\/\/www.bleckmannschulze.de\/blog\/bs\/wp-json\/wp\/v2\/users\/9"}],"replies":[{"embeddable":true,"href":"https:\/\/www.bleckmannschulze.de\/blog\/bs\/wp-json\/wp\/v2\/comments?post=560"}],"version-history":[{"count":5,"href":"https:\/\/www.bleckmannschulze.de\/blog\/bs\/wp-json\/wp\/v2\/posts\/560\/revisions"}],"predecessor-version":[{"id":914,"href":"https:\/\/www.bleckmannschulze.de\/blog\/bs\/wp-json\/wp\/v2\/posts\/560\/revisions\/914"}],"wp:featuredmedia":[{"embeddable":true,"href":"https:\/\/www.bleckmannschulze.de\/blog\/bs\/wp-json\/wp\/v2\/media\/562"}],"wp:attachment":[{"href":"https:\/\/www.bleckmannschulze.de\/blog\/bs\/wp-json\/wp\/v2\/media?parent=560"}],"wp:term":[{"taxonomy":"category","embeddable":true,"href":"https:\/\/www.bleckmannschulze.de\/blog\/bs\/wp-json\/wp\/v2\/categories?post=560"},{"taxonomy":"post_tag","embeddable":true,"href":"https:\/\/www.bleckmannschulze.de\/blog\/bs\/wp-json\/wp\/v2\/tags?post=560"}],"curies":[{"name":"wp","href":"https:\/\/api.w.org\/{rel}","templated":true}]}}