{"id":498,"date":"2018-09-27T08:03:21","date_gmt":"2018-09-27T06:03:21","guid":{"rendered":"https:\/\/www.bleckmannschulze.de\/blog\/bs\/?p=498"},"modified":"2020-02-12T14:57:47","modified_gmt":"2020-02-12T13:57:47","slug":"frauen-und-technik-meine-karriere-in-der-maennerdomaene","status":"publish","type":"post","link":"https:\/\/www.bleckmannschulze.de\/blog\/bs\/2018\/09\/27\/frauen-und-technik-meine-karriere-in-der-maennerdomaene\/","title":{"rendered":"Frauen und Technik? Meine Karriere in der M\u00e4nnerdom\u00e4ne"},"content":{"rendered":"<p><strong>Frauen und Technik? Eine Kombination, die noch immer gerne bel\u00e4chelt wird. Bei <a href=\"http:\/\/www.medapharma.de\/ueber-meda-pharma\/standorte\/\">MADAUS in Troisdorf<\/a> bin ich als Frau F\u00fchrungskraft in der Technik \u2013 in der Regel besetzen M\u00e4nner diese Positionen.\u00a0Wie ist die Karriere in der M\u00e4nnerdom\u00e4ne Technik bei mir verlaufen? Wie sieht mein Job aus und welchen Herausforderungen begegne ich tagt\u00e4glich? Gerne gebe ich Ihnen Einblick in meinen Berufsalltag.<\/strong><\/p>\n<h3>Zufall oder Schicksal? Mein Weg in die Technik<\/h3>\n<p>Nach meinem Wirtschaftsabitur entschloss ich mich dazu, <a href=\"https:\/\/www.studieren-studium.com\/studium\/Pharmatechnik\">Pharmatechnologie zu studieren<\/a>. Bis dato hatte ich mit Technik nichts am Hut \u2013 fand den Studiengang dennoch au\u00dferordentlich spannend. Zur Anfertigung meiner Diplomarbeit nahm ich in K\u00f6ln meine erste Anstellung an. Zwei Jahre sp\u00e4ter kam ich zu MADAUS, wo ich zuerst den haustechnischen Bereich \u00fcbernehmen durfte. Seit 2008, sechs Jahre nach meinem Start bei MADAUS, verantworte ich mittlerweile die Bereiche Engineering, Betriebstechnik, Facility Management, Haustechnik und Arbeitssicherheit. Die <a href=\"https:\/\/www.bleckmannschulze.de\/blog\/bs\/2018\/05\/25\/jva-arzt-und-tatort-schauspieler-joe-bausch-im-dialog\/\">Vielfalt leitet mich durch meinen Joballtag<\/a>.<\/p>\n<h3>Projekte, Projekte, Projekte: Mein Berufsalltag<\/h3>\n<p>Es laufen nat\u00fcrlich immer mehrere Projekte parallel. Die \u00dcbersicht zu behalten ist hier das A&amp;O und bei der F\u00fclle an Aufgaben zugleich die Herausforderung. Im Bereich Facility Management und Haustechnik gibt es z.B. derzeit das Projekt, den Kantinenbereich in eine Produktionshalle umzubauen, sodass dort Pharmazeutika hergestellt werden k\u00f6nnen. Auch ist es meine Aufgabe, interne Prozesse in der Technik zu optimieren, damit wir wettbewerbsf\u00e4hig bleiben. Durch u.a. die <a href=\"https:\/\/www.sap.com\/germany\/index.html\">Hinzunahme neuer IT-Systeme<\/a> gelingt es uns so, die Prozesse zu verschlanken.<\/p>\n<p>Mich freut es zu sehen, dass Projekte das gew\u00fcnschte Resultat erbringen und mein Team die Herausforderung gemeinsam gemeistert hat. Durch meine Position habe ich im Unternehmen die M\u00f6glichkeit, wesentliche Schritte zu begleiten und zu ver\u00e4ndern. Die Dynamik in meinem Berufsalltag gef\u00e4llt mir besonders \u2013 ich mag es einfach, wenn viel los ist und ich viel zu tun habe. Die Kehrseite der Medaille: Meine Position bringt auch st\u00e4ndige Erreichbarkeit mit sich. Gl\u00fccklicherweise unterst\u00fctzt mich mein Mann sehr. Muss ich als Mutter arbeiten, ist er f\u00fcr unsere gemeinsame Tochter immer da.<\/p>\n<h3>Allein auf weiter Flur: Die Frau in der M\u00e4nnerdom\u00e4ne<\/h3>\n<p>Es ist relativ selten, dass Frauen derartige F\u00fchrungspositionen bekleiden. Trotzdem habe ich nicht den Eindruck, mich in irgendeiner Weise behaupten zu m\u00fcssen. Der Umgang bei MADAUS ist respekt- und vertrauensvoll.<\/p>\n<p>M\u00e4nner k\u00f6nnen sich oft besser pr\u00e4sentieren, wohingegen Frauen h\u00e4ufig die Genaueren sind. Jeder hat seine St\u00e4rken. Ich selbst achte stark auf Ordnung. Das ist mir gegen\u00fcber Kunden, aber auch aus z.B. Arbeitssicherheitsgr\u00fcnden sehr wichtig.<\/p>\n<h3>Karriere in der M\u00e4nnerdom\u00e4ne? Seien Sie mutig!<\/h3>\n<p>In Ermangelung an weiblichen Bewerbern stellt MADAUS meist nur m\u00e4nnliche Ingenieure ein. <a href=\"http:\/\/meda-jobs.de\/\">Da d\u00fcrften ruhig mehr Kolleginnen sein<\/a>! Frauen tragen zur Vielfalt im Unternehmen bei und bringen weitere St\u00e4rken wie Kontakte pflegen, kommunizieren und sich k\u00fcmmern ein, die dem Unternehmen nutzen.<\/p>\n<p>Seien Sie als Frau also selbstbewusst, \u201estehen Sie Ihre Frau\u201c und seien Sie mutig \u2013 und bleiben Sie dabei trotzdem Sie selbst. Wer wei\u00df, vielleicht treffen wir uns ja bald bei MADAUS?<\/p>\n<p>Alles Gute w\u00fcnscht Ihnen<\/p>\n<p>Pascaline Rehbach<\/p>\n<p><em>Beitragsbild: \u00a9 <a href=\"https:\/\/www.istockphoto.com\/de\/portfolio\/erhui1979?assettype=image&amp;mediatype=illustration&amp;sort=best\">erhui1979<\/a>\u00a0\u2013\u00a0istock.com<\/em><\/p>\n","protected":false},"excerpt":{"rendered":"<p>Frauen und Technik? Eine Kombination, die noch immer gerne bel\u00e4chelt wird. Bei MADAUS in Troisdorf bin ich als Frau F\u00fchrungskraft in der Technik \u2013 in der Regel besetzen M\u00e4nner diese Positionen.\u00a0Wie ist die Karriere in der M\u00e4nnerdom\u00e4ne Technik bei mir verlaufen? Wie sieht mein Job aus und welchen Herausforderungen begegne ich tagt\u00e4glich? Gerne gebe ich [&hellip;]<\/p>\n","protected":false},"author":16,"featured_media":506,"comment_status":"open","ping_status":"open","sticky":false,"template":"","format":"standard","meta":{"_et_pb_use_builder":"","_et_pb_old_content":"","_et_gb_content_width":"","_mi_skip_tracking":false,"jetpack_post_was_ever_published":false,"jetpack_publicize_message":"","jetpack_is_tweetstorm":false,"jetpack_publicize_feature_enabled":true,"jetpack_social_post_already_shared":true,"jetpack_social_options":[]},"categories":[23],"tags":[70,69,68],"jetpack_publicize_connections":[],"yoast_head":"<!-- This site is optimized with the Yoast SEO plugin v20.4 - https:\/\/yoast.com\/wordpress\/plugins\/seo\/ -->\n<title>Frauen und Technik? Meine Karriere in der M\u00e4nnerdom\u00e4ne - BleckmannSchulze | Insights<\/title>\n<meta name=\"description\" content=\"Frauen und Technik? In diesem Blogpost gebe ich Ihnen Einblick in meinen Berufsalltag als F\u00fchrungskraft und meine Karriere in der M\u00e4nnerdom\u00e4ne.\" \/>\n<meta name=\"robots\" content=\"index, follow, max-snippet:-1, max-image-preview:large, max-video-preview:-1\" \/>\n<link rel=\"canonical\" href=\"https:\/\/www.bleckmannschulze.de\/blog\/bs\/2018\/09\/27\/frauen-und-technik-meine-karriere-in-der-maennerdomaene\/\" \/>\n<meta property=\"og:locale\" content=\"de_DE\" \/>\n<meta property=\"og:type\" content=\"article\" \/>\n<meta property=\"og:title\" content=\"Frauen und Technik? Meine Karriere in der M\u00e4nnerdom\u00e4ne - BleckmannSchulze | Insights\" \/>\n<meta property=\"og:description\" content=\"Frauen und Technik? In diesem Blogpost gebe ich Ihnen Einblick in meinen Berufsalltag als F\u00fchrungskraft und meine Karriere in der M\u00e4nnerdom\u00e4ne.\" \/>\n<meta property=\"og:url\" content=\"https:\/\/www.bleckmannschulze.de\/blog\/bs\/2018\/09\/27\/frauen-und-technik-meine-karriere-in-der-maennerdomaene\/\" \/>\n<meta property=\"og:site_name\" content=\"BleckmannSchulze | Insights\" \/>\n<meta property=\"article:published_time\" content=\"2018-09-27T06:03:21+00:00\" \/>\n<meta property=\"article:modified_time\" content=\"2020-02-12T13:57:47+00:00\" \/>\n<meta property=\"og:image\" content=\"https:\/\/www.bleckmannschulze.de\/blog\/bs\/wp-content\/uploads\/2018\/09\/BSKoelnKarrierefrau.jpg\" \/>\n\t<meta property=\"og:image:width\" content=\"966\" \/>\n\t<meta property=\"og:image:height\" content=\"644\" \/>\n\t<meta property=\"og:image:type\" content=\"image\/jpeg\" \/>\n<meta name=\"author\" content=\"Pascaline Rehbach\" \/>\n<meta name=\"twitter:card\" content=\"summary_large_image\" \/>\n<meta name=\"twitter:label1\" content=\"Verfasst von\" \/>\n\t<meta name=\"twitter:data1\" content=\"Pascaline Rehbach\" \/>\n\t<meta name=\"twitter:label2\" content=\"Gesch\u00e4tzte Lesezeit\" \/>\n\t<meta name=\"twitter:data2\" content=\"3 Minuten\" \/>\n<script type=\"application\/ld+json\" class=\"yoast-schema-graph\">{\"@context\":\"https:\/\/schema.org\",\"@graph\":[{\"@type\":\"WebPage\",\"@id\":\"https:\/\/www.bleckmannschulze.de\/blog\/bs\/2018\/09\/27\/frauen-und-technik-meine-karriere-in-der-maennerdomaene\/\",\"url\":\"https:\/\/www.bleckmannschulze.de\/blog\/bs\/2018\/09\/27\/frauen-und-technik-meine-karriere-in-der-maennerdomaene\/\",\"name\":\"Frauen und Technik? Meine Karriere in der M\u00e4nnerdom\u00e4ne - BleckmannSchulze | Insights\",\"isPartOf\":{\"@id\":\"https:\/\/www.bleckmannschulze.de\/blog\/bs\/#website\"},\"datePublished\":\"2018-09-27T06:03:21+00:00\",\"dateModified\":\"2020-02-12T13:57:47+00:00\",\"author\":{\"@id\":\"https:\/\/www.bleckmannschulze.de\/blog\/bs\/#\/schema\/person\/fdbf867c03b21e721044c528934c2357\"},\"description\":\"Frauen und Technik? In diesem Blogpost gebe ich Ihnen Einblick in meinen Berufsalltag als F\u00fchrungskraft und meine Karriere in der M\u00e4nnerdom\u00e4ne.\",\"breadcrumb\":{\"@id\":\"https:\/\/www.bleckmannschulze.de\/blog\/bs\/2018\/09\/27\/frauen-und-technik-meine-karriere-in-der-maennerdomaene\/#breadcrumb\"},\"inLanguage\":\"de-DE\",\"potentialAction\":[{\"@type\":\"ReadAction\",\"target\":[\"https:\/\/www.bleckmannschulze.de\/blog\/bs\/2018\/09\/27\/frauen-und-technik-meine-karriere-in-der-maennerdomaene\/\"]}]},{\"@type\":\"BreadcrumbList\",\"@id\":\"https:\/\/www.bleckmannschulze.de\/blog\/bs\/2018\/09\/27\/frauen-und-technik-meine-karriere-in-der-maennerdomaene\/#breadcrumb\",\"itemListElement\":[{\"@type\":\"ListItem\",\"position\":1,\"name\":\"Startseite\",\"item\":\"https:\/\/www.bleckmannschulze.de\/blog\/bs\/\"},{\"@type\":\"ListItem\",\"position\":2,\"name\":\"Frauen und Technik? Meine Karriere in der M\u00e4nnerdom\u00e4ne\"}]},{\"@type\":\"WebSite\",\"@id\":\"https:\/\/www.bleckmannschulze.de\/blog\/bs\/#website\",\"url\":\"https:\/\/www.bleckmannschulze.de\/blog\/bs\/\",\"name\":\"BleckmannSchulze | Insights\",\"description\":\"\",\"potentialAction\":[{\"@type\":\"SearchAction\",\"target\":{\"@type\":\"EntryPoint\",\"urlTemplate\":\"https:\/\/www.bleckmannschulze.de\/blog\/bs\/?s={search_term_string}\"},\"query-input\":\"required name=search_term_string\"}],\"inLanguage\":\"de-DE\"},{\"@type\":\"Person\",\"@id\":\"https:\/\/www.bleckmannschulze.de\/blog\/bs\/#\/schema\/person\/fdbf867c03b21e721044c528934c2357\",\"name\":\"Pascaline Rehbach\",\"description\":\"Mit der Technik komme ich durch mein Studium das erste Mal richtig in Ber\u00fchrung \u2013 vorher hatte ich damit nichts am Hut. Heute bin ich Leiterin Technik bei MADAUS und verantworte diverse Fachbereiche. Mit BleckmannSchulze arbeiten wir erst kurz, daf\u00fcr aber \u00fcberaus erfolgreich zusammen \u2013 und das mit viel Freude. Habe ich frei, widme ich mich vor allem einem Hobby: Meiner eigenen Familie.\",\"url\":\"https:\/\/www.bleckmannschulze.de\/blog\/bs\/author\/pascalinerehbach\/\"}]}<\/script>\n<!-- \/ Yoast SEO plugin. -->","yoast_head_json":{"title":"Frauen und Technik? Meine Karriere in der M\u00e4nnerdom\u00e4ne - BleckmannSchulze | Insights","description":"Frauen und Technik? In diesem Blogpost gebe ich Ihnen Einblick in meinen Berufsalltag als F\u00fchrungskraft und meine Karriere in der M\u00e4nnerdom\u00e4ne.","robots":{"index":"index","follow":"follow","max-snippet":"max-snippet:-1","max-image-preview":"max-image-preview:large","max-video-preview":"max-video-preview:-1"},"canonical":"https:\/\/www.bleckmannschulze.de\/blog\/bs\/2018\/09\/27\/frauen-und-technik-meine-karriere-in-der-maennerdomaene\/","og_locale":"de_DE","og_type":"article","og_title":"Frauen und Technik? Meine Karriere in der M\u00e4nnerdom\u00e4ne - BleckmannSchulze | Insights","og_description":"Frauen und Technik? In diesem Blogpost gebe ich Ihnen Einblick in meinen Berufsalltag als F\u00fchrungskraft und meine Karriere in der M\u00e4nnerdom\u00e4ne.","og_url":"https:\/\/www.bleckmannschulze.de\/blog\/bs\/2018\/09\/27\/frauen-und-technik-meine-karriere-in-der-maennerdomaene\/","og_site_name":"BleckmannSchulze | Insights","article_published_time":"2018-09-27T06:03:21+00:00","article_modified_time":"2020-02-12T13:57:47+00:00","og_image":[{"width":966,"height":644,"url":"https:\/\/www.bleckmannschulze.de\/blog\/bs\/wp-content\/uploads\/2018\/09\/BSKoelnKarrierefrau.jpg","type":"image\/jpeg"}],"author":"Pascaline Rehbach","twitter_card":"summary_large_image","twitter_misc":{"Verfasst von":"Pascaline Rehbach","Gesch\u00e4tzte Lesezeit":"3 Minuten"},"schema":{"@context":"https:\/\/schema.org","@graph":[{"@type":"WebPage","@id":"https:\/\/www.bleckmannschulze.de\/blog\/bs\/2018\/09\/27\/frauen-und-technik-meine-karriere-in-der-maennerdomaene\/","url":"https:\/\/www.bleckmannschulze.de\/blog\/bs\/2018\/09\/27\/frauen-und-technik-meine-karriere-in-der-maennerdomaene\/","name":"Frauen und Technik? Meine Karriere in der M\u00e4nnerdom\u00e4ne - BleckmannSchulze | Insights","isPartOf":{"@id":"https:\/\/www.bleckmannschulze.de\/blog\/bs\/#website"},"datePublished":"2018-09-27T06:03:21+00:00","dateModified":"2020-02-12T13:57:47+00:00","author":{"@id":"https:\/\/www.bleckmannschulze.de\/blog\/bs\/#\/schema\/person\/fdbf867c03b21e721044c528934c2357"},"description":"Frauen und Technik? In diesem Blogpost gebe ich Ihnen Einblick in meinen Berufsalltag als F\u00fchrungskraft und meine Karriere in der M\u00e4nnerdom\u00e4ne.","breadcrumb":{"@id":"https:\/\/www.bleckmannschulze.de\/blog\/bs\/2018\/09\/27\/frauen-und-technik-meine-karriere-in-der-maennerdomaene\/#breadcrumb"},"inLanguage":"de-DE","potentialAction":[{"@type":"ReadAction","target":["https:\/\/www.bleckmannschulze.de\/blog\/bs\/2018\/09\/27\/frauen-und-technik-meine-karriere-in-der-maennerdomaene\/"]}]},{"@type":"BreadcrumbList","@id":"https:\/\/www.bleckmannschulze.de\/blog\/bs\/2018\/09\/27\/frauen-und-technik-meine-karriere-in-der-maennerdomaene\/#breadcrumb","itemListElement":[{"@type":"ListItem","position":1,"name":"Startseite","item":"https:\/\/www.bleckmannschulze.de\/blog\/bs\/"},{"@type":"ListItem","position":2,"name":"Frauen und Technik? Meine Karriere in der M\u00e4nnerdom\u00e4ne"}]},{"@type":"WebSite","@id":"https:\/\/www.bleckmannschulze.de\/blog\/bs\/#website","url":"https:\/\/www.bleckmannschulze.de\/blog\/bs\/","name":"BleckmannSchulze | Insights","description":"","potentialAction":[{"@type":"SearchAction","target":{"@type":"EntryPoint","urlTemplate":"https:\/\/www.bleckmannschulze.de\/blog\/bs\/?s={search_term_string}"},"query-input":"required name=search_term_string"}],"inLanguage":"de-DE"},{"@type":"Person","@id":"https:\/\/www.bleckmannschulze.de\/blog\/bs\/#\/schema\/person\/fdbf867c03b21e721044c528934c2357","name":"Pascaline Rehbach","description":"Mit der Technik komme ich durch mein Studium das erste Mal richtig in Ber\u00fchrung \u2013 vorher hatte ich damit nichts am Hut. Heute bin ich Leiterin Technik bei MADAUS und verantworte diverse Fachbereiche. Mit BleckmannSchulze arbeiten wir erst kurz, daf\u00fcr aber \u00fcberaus erfolgreich zusammen \u2013 und das mit viel Freude. Habe ich frei, widme ich mich vor allem einem Hobby: Meiner eigenen Familie.","url":"https:\/\/www.bleckmannschulze.de\/blog\/bs\/author\/pascalinerehbach\/"}]}},"jetpack_featured_media_url":"https:\/\/www.bleckmannschulze.de\/blog\/bs\/wp-content\/uploads\/2018\/09\/BSKoelnKarrierefrau.jpg","jetpack_sharing_enabled":true,"jetpack_shortlink":"https:\/\/wp.me\/p7PzL6-82","jetpack-related-posts":[{"id":584,"url":"https:\/\/www.bleckmannschulze.de\/blog\/bs\/2019\/03\/28\/karriere-im-job-mein-weg-zur-unternehmerin\/","url_meta":{"origin":498,"position":0},"title":"Karriere im Job: Mein Weg zur Unternehmerin","date":"28. M\u00e4rz 2019","format":false,"excerpt":"Gestartet als Studentin der Betriebswirtschaftslehre bin ich heute Gesellschafterin und Gesch\u00e4ftsf\u00fchrerin der \u00fcber 60 Mitarbeiter-starken Kanzlei \u201eWilde & Partner\u201c in Gladbach. Wie es dazu kam und wie Sie Ihrer Karriere im Job oder gar Ihrer Selbstst\u00e4ndigkeit optimal den Weg bereiten, verrate ich Ihnen im Folgenden. (Werk-)Studium \u2013 Weiterbildung \u2013 Selbstst\u00e4ndigkeit?\u2026","rel":"","context":"In &quot;Im Dialog&quot;","img":{"alt_text":"Karriere im Job","src":"https:\/\/i0.wp.com\/www.bleckmannschulze.de\/blog\/bs\/wp-content\/uploads\/2019\/03\/BS_Karriere.jpg?resize=350%2C200&ssl=1","width":350,"height":200},"classes":[]},{"id":410,"url":"https:\/\/www.bleckmannschulze.de\/blog\/bs\/2018\/05\/25\/jva-arzt-und-tatort-schauspieler-joe-bausch-im-dialog\/","url_meta":{"origin":498,"position":1},"title":"JVA-Arzt und Tatort-Schauspieler im Dialog","date":"25. Mai 2018","format":false,"excerpt":"\u201eDie sind doch alle bekloppt!\u201c \u2013 Ein g\u00e4ngiges Vorurteil \u00fcber das Berufsbild JVA-Arzt. Wie viel Wahres ist daran? Was ist das Besondere an der Arbeit im \u201eKnast\u201c? Eignen Sie sich f\u00fcr diesen Job? Finden Sie es heraus \u2013 Gerne gebe ich Ihnen einen Einblick in meine langj\u00e4hrige Arbeit als JVA-Arzt\u2026","rel":"","context":"In &quot;Im Dialog&quot;","img":{"alt_text":"JVA-Arzt Joe Bausch","src":"https:\/\/i0.wp.com\/www.bleckmannschulze.de\/blog\/bs\/wp-content\/uploads\/2018\/05\/JVA-Arzt-Joe-Bausch.jpg?resize=350%2C200&ssl=1","width":350,"height":200},"classes":[]},{"id":653,"url":"https:\/\/www.bleckmannschulze.de\/blog\/bs\/2019\/06\/25\/werkstudent-bei-bleckmannschulze-dein-karrieresprungbrett\/","url_meta":{"origin":498,"position":2},"title":"Werkstudent bei BleckmannSchulze: Dein Karrieresprungbrett?","date":"25. Juni 2019","format":false,"excerpt":"Ein Studentenjob, der mir Spa\u00df macht, mich gleichzeitig fordert und die optimale Basis f\u00fcr meine\u00a0berufliche Zukunft bietet. Wunschdenken? Von wegen! Genau diesen Studentenjob habe ich vor 2 Jahren gefunden. Du willst wissen wie und wo? Alle Infos zu meinem Job als Werkstudent bei BleckmannSchulze findest du in diesem Beitrag. Mein\u2026","rel":"","context":"In &quot;\u00dcber uns&quot;","img":{"alt_text":"Werkstudent bei BleckmannSchulze","src":"https:\/\/i0.wp.com\/www.bleckmannschulze.de\/blog\/bs\/wp-content\/uploads\/2019\/06\/Werksstudentin.jpg?resize=350%2C200&ssl=1","width":350,"height":200},"classes":[]},{"id":731,"url":"https:\/\/www.bleckmannschulze.de\/blog\/bs\/2019\/10\/30\/kec-duo-dominik-und-frederik-tiffels-im-interview\/","url_meta":{"origin":498,"position":3},"title":"KEC-Duo: Dominik und Frederik Tiffels im Interview","date":"30. Oktober 2019","format":false,"excerpt":"Die K\u00f6lner Haie sind fest in der k\u00f6lschen Kultur verwurzelt und (fast) genauso Kult wie der Dom. Doch wie ticken die Haie eigentlich? Wie sieht es mit Ritualen im Eishockey aus? Wir hatten die Chance, mit Dominik und Frederik Tiffels \u00fcber den KEC, die Neckereien unter Br\u00fcdern und ihre Heimat\u2026","rel":"","context":"In &quot;Im Dialog&quot;","img":{"alt_text":"Spieler beim KEC","src":"https:\/\/i0.wp.com\/www.bleckmannschulze.de\/blog\/bs\/wp-content\/uploads\/2019\/10\/Tiffels1web.jpg?resize=350%2C200&ssl=1","width":350,"height":200},"classes":[]},{"id":625,"url":"https:\/\/www.bleckmannschulze.de\/blog\/bs\/2021\/05\/18\/erfahrung-mit-bleckmannschulze-head-of-supply-chain\/","url_meta":{"origin":498,"position":4},"title":"Erfahrung mit BleckmannSchulze: Head of Supply Chain","date":"18. Mai 2021","format":false,"excerpt":"Mein Name ist Philip Dlugajczyk und ich arbeite als Head of Supply Chain f\u00fcr einen global t\u00e4tigen Pharmakonzern. \u00dcber meinen Karriereweg hin zur F\u00fchrungskraft im Bereich Supply Chain Management und meine damit verbundene Erfahrung mit dem Personalvermittler BleckmannSchulze berichte ich Ihnen gerne. Alles andere als der \u201etypische\u201c BWLer Gestartet bin\u2026","rel":"","context":"In &quot;Mitarbeiter im Portrait&quot;","img":{"alt_text":"Head of Supply Chain","src":"https:\/\/i0.wp.com\/www.bleckmannschulze.de\/blog\/bs\/wp-content\/uploads\/2021\/05\/Head-of-Supply-Chain.jpg?resize=350%2C200&ssl=1","width":350,"height":200},"classes":[]},{"id":359,"url":"https:\/\/www.bleckmannschulze.de\/blog\/bs\/2018\/02\/28\/denis-lothmann-tagsueber-staplerfahrer-abends-inlinehockey\/","url_meta":{"origin":498,"position":5},"title":"Denis Lothmann: Tags\u00fcber Staplerfahrer, abends Inlinehockey","date":"28. Februar 2018","format":false,"excerpt":"Mein Hobby mit meinem Beruf in Einklang zu bringen, ist mir wichtig. Arbeiten bei BleckmannSchulze macht genau dies f\u00fcr mich m\u00f6glich: Ich \u00fcbe einen\u00a0Job aus, der mich erf\u00fcllt, bin von einem tollen Team umgeben und habe gen\u00fcgend Freizeit, um meinem Hobby nachzugehen: dem Inlinehockey beim HC K\u00f6ln West. Kollegen geh\u00f6ren\u2026","rel":"","context":"In &quot;Mitarbeiter im Portrait&quot;","img":{"alt_text":"tags\u00fcber Staplerfahrer bei BleckmannSchulze, abends Inlinehockey","src":"https:\/\/i0.wp.com\/www.bleckmannschulze.de\/blog\/bs\/wp-content\/uploads\/2018\/02\/Inlinehockey-Titel.jpg?resize=350%2C200&ssl=1","width":350,"height":200},"classes":[]}],"_links":{"self":[{"href":"https:\/\/www.bleckmannschulze.de\/blog\/bs\/wp-json\/wp\/v2\/posts\/498"}],"collection":[{"href":"https:\/\/www.bleckmannschulze.de\/blog\/bs\/wp-json\/wp\/v2\/posts"}],"about":[{"href":"https:\/\/www.bleckmannschulze.de\/blog\/bs\/wp-json\/wp\/v2\/types\/post"}],"author":[{"embeddable":true,"href":"https:\/\/www.bleckmannschulze.de\/blog\/bs\/wp-json\/wp\/v2\/users\/16"}],"replies":[{"embeddable":true,"href":"https:\/\/www.bleckmannschulze.de\/blog\/bs\/wp-json\/wp\/v2\/comments?post=498"}],"version-history":[{"count":5,"href":"https:\/\/www.bleckmannschulze.de\/blog\/bs\/wp-json\/wp\/v2\/posts\/498\/revisions"}],"predecessor-version":[{"id":916,"href":"https:\/\/www.bleckmannschulze.de\/blog\/bs\/wp-json\/wp\/v2\/posts\/498\/revisions\/916"}],"wp:featuredmedia":[{"embeddable":true,"href":"https:\/\/www.bleckmannschulze.de\/blog\/bs\/wp-json\/wp\/v2\/media\/506"}],"wp:attachment":[{"href":"https:\/\/www.bleckmannschulze.de\/blog\/bs\/wp-json\/wp\/v2\/media?parent=498"}],"wp:term":[{"taxonomy":"category","embeddable":true,"href":"https:\/\/www.bleckmannschulze.de\/blog\/bs\/wp-json\/wp\/v2\/categories?post=498"},{"taxonomy":"post_tag","embeddable":true,"href":"https:\/\/www.bleckmannschulze.de\/blog\/bs\/wp-json\/wp\/v2\/tags?post=498"}],"curies":[{"name":"wp","href":"https:\/\/api.w.org\/{rel}","templated":true}]}}