{"id":378,"date":"2018-03-21T18:03:59","date_gmt":"2018-03-21T17:03:59","guid":{"rendered":"https:\/\/www.bleckmannschulze.de\/blog\/bs\/?p=378"},"modified":"2018-03-21T18:03:59","modified_gmt":"2018-03-21T17:03:59","slug":"digitale-transformation-im-recruiting-sind-sie-dabei","status":"publish","type":"post","link":"https:\/\/www.bleckmannschulze.de\/blog\/bs\/2018\/03\/21\/digitale-transformation-im-recruiting-sind-sie-dabei\/","title":{"rendered":"Digitale Transformation im Recruiting \u2013 Sind Sie dabei?"},"content":{"rendered":"<p><strong>\u201eDigitale Transformation\u201c \u2013 eine sperrige Wortkombination, deren Reichweite auch Sie noch nicht v\u00f6llig durchblickt haben?\u00a0<\/strong><strong>Damit sind Sie nicht allein. Erfahren Sie im Folgenden von mir, <a href=\"http:\/\/karl-heinz.land\/\">Karl-Heinz Land<\/a>, mehr \u00fcber die anstehenden Ver\u00e4nderungen in Ihrem Unternehmen, spezifisch in Ihrem Recruiting. \u00dcberpr\u00fcfen Sie sich selbst: Wie weit ist die digitale Transformation bei Ihnen fortgeschritten?<\/strong><\/p>\n<h3>Digitalisierung \u2013 Mit Charles Darwin und der Bibel<\/h3>\n<p>Als \u201edigitaler Darwinist und Evangelist\u201c stelle ich mich gerne vor. Was hat das zu bedeuten?<\/p>\n<p><em>Digitaler Darwinist:<\/em> Wir befinden uns im Zeitalter der digitalen Evolution. Unternehmen, die diese Entwicklung verschlafen, werden auf lange Sicht vom Markt verschwinden. Diese harte Realit\u00e4t leitet sich aus <a href=\"https:\/\/www.abiweb.de\/biologie-evolution\/evolutionstheorien-eine-reise-durch-die-geschichte-der-evolution\/darwin-evolution-durch-natuerliche-selektion.html\">Charles Darwin\u2019s Prinzip der \u201enat\u00fcrlichen Selektion\u201c<\/a> ab. Dauerte die Evolution zu Zeiten Darwins zigtausend Jahre, schreitet die Digitalisierung in einem erheblich k\u00fcrzeren Zeitraffer voran und betont damit einmal mehr die Dringlichkeit f\u00fcr Sie als Unternehmen zu handeln.<\/p>\n<p><em>Evangelist:<\/em> <a href=\"https:\/\/de.wikipedia.org\/wiki\/Evangelium_(Glaube)\">Im neuen Testament \u00fcberbringt der Evangelist die frohe Botschaft<\/a>. Seien Sie wachsam und nutzen Sie die digitale Transformation als Ihre Chance, die Zukunft Ihres Unternehmens aktiv mitzugestalten. Meine Aufgabe dabei ist es, Sie als Unternehmen daf\u00fcr bestm\u00f6glich zu r\u00fcsten.<\/p>\n<h3>Digitale Transformation im Recruiting<\/h3>\n<p>Flexible Arbeitszeitmodelle, damit einhergehendes Vertrauen und zugleich Transparenz den eigenen Bewerbern und Mitarbeitern gegen\u00fcber gewinnen immer mehr an Bedeutung. Ihre zuk\u00fcnftigen Mitarbeiter m\u00f6chten entscheiden, wo, wann und wie sie arbeiten. Bei Arbeitgeberbewertungsplattformen wie <a href=\"http:\/\/www.kununu.com\/\">kununu<\/a> oder <a href=\"http:\/\/www.glassdoor.de\/\">glassdoor<\/a> sind Daten, Erfahrungen und Meinungen zu Ihrem Unternehmen frei zug\u00e4nglich. Negative Erfahrungen sprechen sich in einer digitalen Welt schneller herum als blo\u00dfe Mund-zu-Mund-Propaganda. Auch spielt f\u00fcr die kommenden Bewerber die Sinnhaftigkeit Ihres Unternehmens eine gro\u00dfe Rolle: Bieten Sie mit Ihrem Unternehmen einen gesellschaftlichen Beitrag oder sind Sie ausschlie\u00dflich profitorientiert?<\/p>\n<p>Als Unternehmen m\u00fcssen Sie sich und Ihre Handlungen also hinterfragen und sich auf diese Entwicklungen bestm\u00f6glich einstellen. Nur so sichern Sie sich langfristig Ihre Daseinsberechtigung sowie die besten Talente auf dem <a href=\"https:\/\/www.bleckmannschulze.de\/blog\/bs\/2017\/07\/25\/fachkraeftemangel-das-erfolgsrezept-fuer-ihr-unternehmen\/\">immer enger werdenden Bewerbermarkt<\/a>.<\/p>\n<p>Um Fortschritt aktiv forcieren und umsetzen zu k\u00f6nnen, ist Schnelligkeit f\u00fcr Unternehmen oberstes Gebot und wird den Unterschied zum Wettbewerb machen. Durch unser digitales Umfeld sind wir Reaktionen in Echtzeit gewohnt. Deshalb ist eine professionelle, zeitnahe R\u00fcckmeldung an Ihre Bewerber zwingend notwendig.<\/p>\n<p>Strenge Hierarchien verlangsamen Entscheidungen, sodass unternehmensintern etablierte Netzwerkstrukturen das notwendige effiziente und agile Arbeiten unterst\u00fctzen. Immer am Nerv der Zeit und up-to-date mit laufenden Entwicklungen \u2013 das geht nur mit einer Denkweise, die das Experimentieren und Ausprobieren in den Vordergrund stellt, anstatt starr ausgerichtete Pl\u00e4ne zu verfolgen.<\/p>\n<h3>Digitale Transformation \u2013 Wie starten?<\/h3>\n<p>Berate ich mit meinen Kollegen bei <a href=\"http:\/\/www.neuland.digital\/\">neuland.digital<\/a> einen neuen Kunden zu seinen To Dos im Rahmen der digitalen Transformation, besteht der erste Schritt in einer Ist-Aufnahme. Wir erfragen u.a.: Wie hoch ist der Bedrohungsgrad in der Branche und die damit verbundene Dringlichkeit zu handeln? Wie ist die digitale Reife des Unternehmens sowie der Mitarbeiter zu beurteilen? Welche F\u00e4higkeiten m\u00fcssen die Mitarbeiter ggf. neu erlernen? Muss neues Knowhow in Form neuer Mitarbeiter dazu geholt werden?<\/p>\n<p>Im Anschluss entwickeln wir gemeinsam das passende Unternehmenszielbild mit wegweisender Roadmap und klaren Meilensteinen.<\/p>\n<p>Unser Eindruck ist aktuell, dass inhabergef\u00fchrte Mittelst\u00e4ndler sich als Vorreiter in der digitalen Transformation herauskristallisieren. Damit sind sie vielen gro\u00dfen Unternehmen bereits einen Schritt voraus.<\/p>\n<h3>Legen Sie los!<\/h3>\n<p>Aus meiner jahrelangen Erfahrung als Impulsgeber und Berater zur digitalen Transformation sch\u00f6pfe ich immer wieder die Erkenntnis: Begegnen Sie dem digitalen Darwinismus offensiv und nutzen Sie die Chance, sich zukunftsf\u00e4hig aufzustellen. Gehen Sie so als Gewinner aus der digitalen Evolution hervor.<\/p>\n<p>Kommen Sie f\u00fcr Fragen gerne auf mich zu und sprechen Sie das Team von BleckmannSchulze auf Ihre Optimierungsm\u00f6glichkeiten bei Ihrer digitalen Transformation im Recruiting an.<\/p>\n<p>Geh\u00f6ren Sie zu den Vorreitern und starten Sie jetzt.<\/p>\n<p><em>Beitragsbild: <a href=\"http:\/\/karl-heinz.land\/downloads\/\">Karl-Heinz Land\u00a0<\/a><\/em><\/p>\n","protected":false},"excerpt":{"rendered":"<p>\u201eDigitale Transformation\u201c \u2013 eine sperrige Wortkombination, deren Reichweite auch Sie noch nicht v\u00f6llig durchblickt haben?\u00a0Damit sind Sie nicht allein. Erfahren Sie im Folgenden von mir, Karl-Heinz Land, mehr \u00fcber die anstehenden Ver\u00e4nderungen in Ihrem Unternehmen, spezifisch in Ihrem Recruiting. \u00dcberpr\u00fcfen Sie sich selbst: Wie weit ist die digitale Transformation bei Ihnen fortgeschritten? Digitalisierung \u2013 Mit [&hellip;]<\/p>\n","protected":false},"author":12,"featured_media":388,"comment_status":"open","ping_status":"open","sticky":false,"template":"","format":"standard","meta":{"_et_pb_use_builder":"","_et_pb_old_content":"","_et_gb_content_width":"","_mi_skip_tracking":false,"jetpack_post_was_ever_published":false,"jetpack_publicize_message":"","jetpack_is_tweetstorm":false,"jetpack_publicize_feature_enabled":true,"jetpack_social_post_already_shared":true,"jetpack_social_options":[]},"categories":[23],"tags":[52,53,54],"jetpack_publicize_connections":[],"yoast_head":"<!-- This site is optimized with the Yoast SEO plugin v20.4 - https:\/\/yoast.com\/wordpress\/plugins\/seo\/ -->\n<title>Digitale Transformation im Recruiting \u2013 Sind Sie dabei? - BleckmannSchulze | Insights<\/title>\n<meta name=\"description\" content=\"\u201eDigitale Transformation\u201c \u2013 eine sperrige Wortkombination, deren Reichweite auch Sie noch nicht v\u00f6llig durchblickt haben? Karl-Heinz Land informiert \u00fcber die anstehenden Ver\u00e4nderungen in Ihrem Unternehmen, spezifisch in Ihrem Recruiting. Wie weit ist die digitale Transformation bei Ihnen fortgeschritten?\" \/>\n<meta name=\"robots\" content=\"index, follow, max-snippet:-1, max-image-preview:large, max-video-preview:-1\" \/>\n<link rel=\"canonical\" href=\"https:\/\/www.bleckmannschulze.de\/blog\/bs\/2018\/03\/21\/digitale-transformation-im-recruiting-sind-sie-dabei\/\" \/>\n<meta property=\"og:locale\" content=\"de_DE\" \/>\n<meta property=\"og:type\" content=\"article\" \/>\n<meta property=\"og:title\" content=\"Digitale Transformation im Recruiting \u2013 Sind Sie dabei? - BleckmannSchulze | Insights\" \/>\n<meta property=\"og:description\" content=\"\u201eDigitale Transformation\u201c \u2013 eine sperrige Wortkombination, deren Reichweite auch Sie noch nicht v\u00f6llig durchblickt haben? Karl-Heinz Land informiert \u00fcber die anstehenden Ver\u00e4nderungen in Ihrem Unternehmen, spezifisch in Ihrem Recruiting. Wie weit ist die digitale Transformation bei Ihnen fortgeschritten?\" \/>\n<meta property=\"og:url\" content=\"https:\/\/www.bleckmannschulze.de\/blog\/bs\/2018\/03\/21\/digitale-transformation-im-recruiting-sind-sie-dabei\/\" \/>\n<meta property=\"og:site_name\" content=\"BleckmannSchulze | Insights\" \/>\n<meta property=\"article:published_time\" content=\"2018-03-21T17:03:59+00:00\" \/>\n<meta property=\"og:image\" content=\"https:\/\/www.bleckmannschulze.de\/blog\/bs\/wp-content\/uploads\/2018\/03\/Digitale-Transformation-Titelbild-.jpg\" \/>\n\t<meta property=\"og:image:width\" content=\"1200\" \/>\n\t<meta property=\"og:image:height\" content=\"800\" \/>\n\t<meta property=\"og:image:type\" content=\"image\/jpeg\" \/>\n<meta name=\"author\" content=\"Karl-Heinz Land\" \/>\n<meta name=\"twitter:card\" content=\"summary_large_image\" \/>\n<meta name=\"twitter:label1\" content=\"Verfasst von\" \/>\n\t<meta name=\"twitter:data1\" content=\"Karl-Heinz Land\" \/>\n\t<meta name=\"twitter:label2\" content=\"Gesch\u00e4tzte Lesezeit\" \/>\n\t<meta name=\"twitter:data2\" content=\"3 Minuten\" \/>\n<script type=\"application\/ld+json\" class=\"yoast-schema-graph\">{\"@context\":\"https:\/\/schema.org\",\"@graph\":[{\"@type\":\"WebPage\",\"@id\":\"https:\/\/www.bleckmannschulze.de\/blog\/bs\/2018\/03\/21\/digitale-transformation-im-recruiting-sind-sie-dabei\/\",\"url\":\"https:\/\/www.bleckmannschulze.de\/blog\/bs\/2018\/03\/21\/digitale-transformation-im-recruiting-sind-sie-dabei\/\",\"name\":\"Digitale Transformation im Recruiting \u2013 Sind Sie dabei? - BleckmannSchulze | Insights\",\"isPartOf\":{\"@id\":\"https:\/\/www.bleckmannschulze.de\/blog\/bs\/#website\"},\"datePublished\":\"2018-03-21T17:03:59+00:00\",\"dateModified\":\"2018-03-21T17:03:59+00:00\",\"author\":{\"@id\":\"https:\/\/www.bleckmannschulze.de\/blog\/bs\/#\/schema\/person\/56348cf2a07796411599085ed894da81\"},\"description\":\"\u201eDigitale Transformation\u201c \u2013 eine sperrige Wortkombination, deren Reichweite auch Sie noch nicht v\u00f6llig durchblickt haben? Karl-Heinz Land informiert \u00fcber die anstehenden Ver\u00e4nderungen in Ihrem Unternehmen, spezifisch in Ihrem Recruiting. Wie weit ist die digitale Transformation bei Ihnen fortgeschritten?\",\"breadcrumb\":{\"@id\":\"https:\/\/www.bleckmannschulze.de\/blog\/bs\/2018\/03\/21\/digitale-transformation-im-recruiting-sind-sie-dabei\/#breadcrumb\"},\"inLanguage\":\"de-DE\",\"potentialAction\":[{\"@type\":\"ReadAction\",\"target\":[\"https:\/\/www.bleckmannschulze.de\/blog\/bs\/2018\/03\/21\/digitale-transformation-im-recruiting-sind-sie-dabei\/\"]}]},{\"@type\":\"BreadcrumbList\",\"@id\":\"https:\/\/www.bleckmannschulze.de\/blog\/bs\/2018\/03\/21\/digitale-transformation-im-recruiting-sind-sie-dabei\/#breadcrumb\",\"itemListElement\":[{\"@type\":\"ListItem\",\"position\":1,\"name\":\"Startseite\",\"item\":\"https:\/\/www.bleckmannschulze.de\/blog\/bs\/\"},{\"@type\":\"ListItem\",\"position\":2,\"name\":\"Digitale Transformation im Recruiting \u2013 Sind Sie dabei?\"}]},{\"@type\":\"WebSite\",\"@id\":\"https:\/\/www.bleckmannschulze.de\/blog\/bs\/#website\",\"url\":\"https:\/\/www.bleckmannschulze.de\/blog\/bs\/\",\"name\":\"BleckmannSchulze | Insights\",\"description\":\"\",\"potentialAction\":[{\"@type\":\"SearchAction\",\"target\":{\"@type\":\"EntryPoint\",\"urlTemplate\":\"https:\/\/www.bleckmannschulze.de\/blog\/bs\/?s={search_term_string}\"},\"query-input\":\"required name=search_term_string\"}],\"inLanguage\":\"de-DE\"},{\"@type\":\"Person\",\"@id\":\"https:\/\/www.bleckmannschulze.de\/blog\/bs\/#\/schema\/person\/56348cf2a07796411599085ed894da81\",\"name\":\"Karl-Heinz Land\",\"description\":\"Die digitale Transformation unseres Lebens voranzutreiben ist meine Mission. Diese trage ich als Berater (neuland.digital), Autor sowie als Keynote-Speaker in die Welt. Daneben investiere ich in zukunftsweisende Firmen und bin Mitinhaber des K\u00f6lner Neptunbades sowie der Claudius-Therme. F\u00fcr die frische Brise in meinem Kopf sorgen Fahrten mit dem Cabrio sowie die Besch\u00e4ftigung mit der Kunst.\",\"url\":\"#molongui-disabled-link\"}]}<\/script>\n<!-- \/ Yoast SEO plugin. -->","yoast_head_json":{"title":"Digitale Transformation im Recruiting \u2013 Sind Sie dabei? - BleckmannSchulze | Insights","description":"\u201eDigitale Transformation\u201c \u2013 eine sperrige Wortkombination, deren Reichweite auch Sie noch nicht v\u00f6llig durchblickt haben? Karl-Heinz Land informiert \u00fcber die anstehenden Ver\u00e4nderungen in Ihrem Unternehmen, spezifisch in Ihrem Recruiting. Wie weit ist die digitale Transformation bei Ihnen fortgeschritten?","robots":{"index":"index","follow":"follow","max-snippet":"max-snippet:-1","max-image-preview":"max-image-preview:large","max-video-preview":"max-video-preview:-1"},"canonical":"https:\/\/www.bleckmannschulze.de\/blog\/bs\/2018\/03\/21\/digitale-transformation-im-recruiting-sind-sie-dabei\/","og_locale":"de_DE","og_type":"article","og_title":"Digitale Transformation im Recruiting \u2013 Sind Sie dabei? - BleckmannSchulze | Insights","og_description":"\u201eDigitale Transformation\u201c \u2013 eine sperrige Wortkombination, deren Reichweite auch Sie noch nicht v\u00f6llig durchblickt haben? Karl-Heinz Land informiert \u00fcber die anstehenden Ver\u00e4nderungen in Ihrem Unternehmen, spezifisch in Ihrem Recruiting. Wie weit ist die digitale Transformation bei Ihnen fortgeschritten?","og_url":"https:\/\/www.bleckmannschulze.de\/blog\/bs\/2018\/03\/21\/digitale-transformation-im-recruiting-sind-sie-dabei\/","og_site_name":"BleckmannSchulze | Insights","article_published_time":"2018-03-21T17:03:59+00:00","og_image":[{"width":1200,"height":800,"url":"https:\/\/www.bleckmannschulze.de\/blog\/bs\/wp-content\/uploads\/2018\/03\/Digitale-Transformation-Titelbild-.jpg","type":"image\/jpeg"}],"author":"Karl-Heinz Land","twitter_card":"summary_large_image","twitter_misc":{"Verfasst von":"Karl-Heinz Land","Gesch\u00e4tzte Lesezeit":"3 Minuten"},"schema":{"@context":"https:\/\/schema.org","@graph":[{"@type":"WebPage","@id":"https:\/\/www.bleckmannschulze.de\/blog\/bs\/2018\/03\/21\/digitale-transformation-im-recruiting-sind-sie-dabei\/","url":"https:\/\/www.bleckmannschulze.de\/blog\/bs\/2018\/03\/21\/digitale-transformation-im-recruiting-sind-sie-dabei\/","name":"Digitale Transformation im Recruiting \u2013 Sind Sie dabei? - BleckmannSchulze | Insights","isPartOf":{"@id":"https:\/\/www.bleckmannschulze.de\/blog\/bs\/#website"},"datePublished":"2018-03-21T17:03:59+00:00","dateModified":"2018-03-21T17:03:59+00:00","author":{"@id":"https:\/\/www.bleckmannschulze.de\/blog\/bs\/#\/schema\/person\/56348cf2a07796411599085ed894da81"},"description":"\u201eDigitale Transformation\u201c \u2013 eine sperrige Wortkombination, deren Reichweite auch Sie noch nicht v\u00f6llig durchblickt haben? Karl-Heinz Land informiert \u00fcber die anstehenden Ver\u00e4nderungen in Ihrem Unternehmen, spezifisch in Ihrem Recruiting. Wie weit ist die digitale Transformation bei Ihnen fortgeschritten?","breadcrumb":{"@id":"https:\/\/www.bleckmannschulze.de\/blog\/bs\/2018\/03\/21\/digitale-transformation-im-recruiting-sind-sie-dabei\/#breadcrumb"},"inLanguage":"de-DE","potentialAction":[{"@type":"ReadAction","target":["https:\/\/www.bleckmannschulze.de\/blog\/bs\/2018\/03\/21\/digitale-transformation-im-recruiting-sind-sie-dabei\/"]}]},{"@type":"BreadcrumbList","@id":"https:\/\/www.bleckmannschulze.de\/blog\/bs\/2018\/03\/21\/digitale-transformation-im-recruiting-sind-sie-dabei\/#breadcrumb","itemListElement":[{"@type":"ListItem","position":1,"name":"Startseite","item":"https:\/\/www.bleckmannschulze.de\/blog\/bs\/"},{"@type":"ListItem","position":2,"name":"Digitale Transformation im Recruiting \u2013 Sind Sie dabei?"}]},{"@type":"WebSite","@id":"https:\/\/www.bleckmannschulze.de\/blog\/bs\/#website","url":"https:\/\/www.bleckmannschulze.de\/blog\/bs\/","name":"BleckmannSchulze | Insights","description":"","potentialAction":[{"@type":"SearchAction","target":{"@type":"EntryPoint","urlTemplate":"https:\/\/www.bleckmannschulze.de\/blog\/bs\/?s={search_term_string}"},"query-input":"required name=search_term_string"}],"inLanguage":"de-DE"},{"@type":"Person","@id":"https:\/\/www.bleckmannschulze.de\/blog\/bs\/#\/schema\/person\/56348cf2a07796411599085ed894da81","name":"Karl-Heinz Land","description":"Die digitale Transformation unseres Lebens voranzutreiben ist meine Mission. Diese trage ich als Berater (neuland.digital), Autor sowie als Keynote-Speaker in die Welt. Daneben investiere ich in zukunftsweisende Firmen und bin Mitinhaber des K\u00f6lner Neptunbades sowie der Claudius-Therme. F\u00fcr die frische Brise in meinem Kopf sorgen Fahrten mit dem Cabrio sowie die Besch\u00e4ftigung mit der Kunst.","url":"#molongui-disabled-link"}]}},"jetpack_featured_media_url":"https:\/\/www.bleckmannschulze.de\/blog\/bs\/wp-content\/uploads\/2018\/03\/Digitale-Transformation-Titelbild-.jpg","jetpack_sharing_enabled":true,"jetpack_shortlink":"https:\/\/wp.me\/p7PzL6-66","jetpack-related-posts":[{"id":885,"url":"https:\/\/www.bleckmannschulze.de\/blog\/bs\/2020\/01\/14\/arbeitswelt-der-zukunft-fachkraeftemangel-ade\/","url_meta":{"origin":378,"position":0},"title":"Arbeitswelt der Zukunft: Fachkr\u00e4ftemangel ad\u00e9?","date":"14. Januar 2020","format":false,"excerpt":"K\u00f6nnen digitale Techniken die Arbeit erleichtern und Aufgaben von Fachkr\u00e4ften \u00fcbernehmen? Oder m\u00fcssen wir gar um unsere Jobs bangen, weil k\u00fcnstliche Intelligenz unsere Arbeitskraft ersetzt?\u00a0\u00a0Kurz formuliert: Wie sieht die Arbeitswelt der Zukunft aus? Blicken Sie einige Jahre in die Zukunft und nehmen Sie spannende Denkans\u00e4tze mit, wie sich die Arbeitswelt\u2026","rel":"","context":"In &quot;Im Dialog&quot;","img":{"alt_text":"Arbeitswelt der Zukunft","src":"https:\/\/i0.wp.com\/www.bleckmannschulze.de\/blog\/bs\/wp-content\/uploads\/2020\/01\/ArbeitsweltZukunft.jpg?resize=350%2C200&ssl=1","width":350,"height":200},"classes":[]},{"id":433,"url":"https:\/\/www.bleckmannschulze.de\/blog\/bs\/2018\/06\/29\/erfolgsfaktoren-im-recruiting\/","url_meta":{"origin":378,"position":1},"title":"Erfolgsfaktoren im Recruiting \u2013 Flaschenhals Fachbereich?","date":"29. Juni 2018","format":false,"excerpt":"Der Bewerbermarkt ist hart umk\u00e4mpft. Gute Mitarbeiter zu rekrutieren, stellt die Herausforderung f\u00fcr Sie als Arbeitgeber dar. Die durchschnittliche Vakanzzeit betr\u00e4gt \u00fcber alle Berufe im Vergleich zum Vorjahr nun 102 Tage (+ 7 Tage). Was bedeutet das f\u00fcr Sie als Unternehmen? Wie steht es um Ihren Bewerbungsprozess?\u00a0Nehmen Sie sich aus\u2026","rel":"","context":"In &quot;Im Dialog&quot;","img":{"alt_text":"Erfolgsfaktoren im Recruiting","src":"https:\/\/i0.wp.com\/www.bleckmannschulze.de\/blog\/bs\/wp-content\/uploads\/2018\/06\/Erfolgsfaktoren-f\u00fcr-Recruiting.jpg?resize=350%2C200&ssl=1","width":350,"height":200},"classes":[]},{"id":216,"url":"https:\/\/www.bleckmannschulze.de\/blog\/bs\/2017\/07\/25\/fachkraeftemangel-das-erfolgsrezept-fuer-ihr-unternehmen\/","url_meta":{"origin":378,"position":2},"title":"Fachkr\u00e4ftemangel? Das Erfolgsrezept f\u00fcr Ihr Unternehmen","date":"25. Juli 2017","format":false,"excerpt":"Der Fachkr\u00e4ftemangel ist da. Involviert sind vor allem Berufsfelder in der Technik, dem Bau und der Gesundheits- und Pflegebranche. Was bedeutet das f\u00fcr Sie als Unternehmen, das Fachkr\u00e4fte f\u00fcr den Unternehmenserfolg braucht? Abwarten und \u201eTee trinken\u201c? Personaldienstleistung: Ihre optimale Informationsquelle Personaldienstleister wie BleckmannSchulze bilden die Schnittstelle zwischen Bewerbern und Ihrem\u2026","rel":"","context":"In &quot;Im Dialog&quot;","img":{"alt_text":"Fachkr\u00e4ftemangel - wie Sie als Unternehmen damit umgehen","src":"https:\/\/i0.wp.com\/www.bleckmannschulze.de\/blog\/bs\/wp-content\/uploads\/2017\/07\/Fachkraft-gesucht.jpg?resize=350%2C200&ssl=1","width":350,"height":200},"classes":[]},{"id":246,"url":"https:\/\/www.bleckmannschulze.de\/blog\/bs\/2017\/09\/29\/meine-tipps-fuer-ihr-vorstellungsgespraech\/","url_meta":{"origin":378,"position":3},"title":"Meine Tipps f\u00fcr Ihr Vorstellungsgespr\u00e4ch","date":"29. September 2017","format":false,"excerpt":"Herzlichen Gl\u00fcckwunsch! Sie geh\u00f6ren zu 7 von 10 Bewerbern, die von mir eine Einladung zum Vorstellungsgespr\u00e4ch in das BleckmannSchulze-B\u00fcro erhalten. Was m\u00fcssen Sie nun tun, um mich davon zu \u00fcberzeugen, dass genau Sie der Beste f\u00fcr den Job bei BleckmannSchulze sind? Beachten Sie ein paar einfache Tipps, steht Ihrem Job\u2026","rel":"","context":"In &quot;Bewerbungstipps&quot;","img":{"alt_text":"Tipps f\u00fcr das Vorstellungsgespr\u00e4ch bei BleckmannSchulze in K\u00f6ln","src":"https:\/\/i0.wp.com\/www.bleckmannschulze.de\/blog\/bs\/wp-content\/uploads\/2017\/08\/Vorstellungsgespraech.jpg?resize=350%2C200&ssl=1","width":350,"height":200},"classes":[]},{"id":186,"url":"https:\/\/www.bleckmannschulze.de\/blog\/bs\/2017\/04\/24\/das-boese-phantom-arbeitnehmerueberlassung-wie-viel-wahres-steckt-dahinter\/","url_meta":{"origin":378,"position":4},"title":"Das b\u00f6se Phantom Arbeitnehmer\u00fcberlassung \u2013 Wie viel Wahres steckt dahinter?","date":"24. April 2017","format":false,"excerpt":"Mit den \u00c4nderungen des Arbeitnehmer\u00fcberlassungsgesetzes zum April 2017 sind auch unsere Bewerber f\u00fcr die Branche der Arbeitnehmer\u00fcberlassung (auch: Zeitarbeit) vermehrt sensibilisiert. Dabei zeigt sich Informationsbedarf zu g\u00e4ngigen Vorurteilen. Wie stehen Sie zum Thema Arbeitnehmer\u00fcberlassung? Denken Sie von sich selbst, dass Sie up-to-date sind? Im Folgenden gebe ich Ihnen einen aktuellen\u2026","rel":"","context":"In &quot;Im Dialog&quot;","img":{"alt_text":"Arbeitnehmer\u00fcberlassung nur ein Phantom","src":"https:\/\/i0.wp.com\/www.bleckmannschulze.de\/blog\/bs\/wp-content\/uploads\/2017\/04\/Arbeitnehmerueberlassung.jpg?resize=350%2C200&ssl=1","width":350,"height":200},"classes":[]},{"id":158,"url":"https:\/\/www.bleckmannschulze.de\/blog\/bs\/2017\/02\/24\/aueg-reform-2017-ihre-sicherheit-ist-ihr-trumpf\/","url_meta":{"origin":378,"position":5},"title":"A\u00dcG Reform 2017: Ihre Sicherheit ist Ihr Trumpf","date":"24. Februar 2017","format":false,"excerpt":"Die A\u00dcG Reform 2017 \u2013 aktuell wie eh und je. Ver\u00e4nderungen betreffen auch Sie: Mitarbeiter und\/oder Entscheider in Unternehmen, die Personaldienstleistungen nutzen. Damit Sie top informiert in die finale Phase der A\u00dcG Reform 2017 starten (G\u00fcltigkeit ab 01. April 2017), erfahren Sie hier Antworten auf Ihre grundlegenden Fragen: Welche wesentlichen\u2026","rel":"","context":"In &quot;Im Dialog&quot;","img":{"alt_text":"A\u00dcG Reform 2017 erkl\u00e4rt von BleckammSchulze","src":"https:\/\/i0.wp.com\/www.bleckmannschulze.de\/blog\/bs\/wp-content\/uploads\/2017\/02\/AUEG-Reform-1.jpg?resize=350%2C200&ssl=1","width":350,"height":200},"classes":[]}],"_links":{"self":[{"href":"https:\/\/www.bleckmannschulze.de\/blog\/bs\/wp-json\/wp\/v2\/posts\/378"}],"collection":[{"href":"https:\/\/www.bleckmannschulze.de\/blog\/bs\/wp-json\/wp\/v2\/posts"}],"about":[{"href":"https:\/\/www.bleckmannschulze.de\/blog\/bs\/wp-json\/wp\/v2\/types\/post"}],"author":[{"embeddable":true,"href":"https:\/\/www.bleckmannschulze.de\/blog\/bs\/wp-json\/wp\/v2\/users\/12"}],"replies":[{"embeddable":true,"href":"https:\/\/www.bleckmannschulze.de\/blog\/bs\/wp-json\/wp\/v2\/comments?post=378"}],"version-history":[{"count":8,"href":"https:\/\/www.bleckmannschulze.de\/blog\/bs\/wp-json\/wp\/v2\/posts\/378\/revisions"}],"predecessor-version":[{"id":392,"href":"https:\/\/www.bleckmannschulze.de\/blog\/bs\/wp-json\/wp\/v2\/posts\/378\/revisions\/392"}],"wp:featuredmedia":[{"embeddable":true,"href":"https:\/\/www.bleckmannschulze.de\/blog\/bs\/wp-json\/wp\/v2\/media\/388"}],"wp:attachment":[{"href":"https:\/\/www.bleckmannschulze.de\/blog\/bs\/wp-json\/wp\/v2\/media?parent=378"}],"wp:term":[{"taxonomy":"category","embeddable":true,"href":"https:\/\/www.bleckmannschulze.de\/blog\/bs\/wp-json\/wp\/v2\/categories?post=378"},{"taxonomy":"post_tag","embeddable":true,"href":"https:\/\/www.bleckmannschulze.de\/blog\/bs\/wp-json\/wp\/v2\/tags?post=378"}],"curies":[{"name":"wp","href":"https:\/\/api.w.org\/{rel}","templated":true}]}}