{"id":216,"date":"2017-07-25T06:34:05","date_gmt":"2017-07-25T04:34:05","guid":{"rendered":"https:\/\/www.bleckmannschulze.de\/blog\/bs\/?p=216"},"modified":"2021-02-09T12:26:41","modified_gmt":"2021-02-09T11:26:41","slug":"fachkraeftemangel-das-erfolgsrezept-fuer-ihr-unternehmen","status":"publish","type":"post","link":"https:\/\/www.bleckmannschulze.de\/blog\/bs\/2017\/07\/25\/fachkraeftemangel-das-erfolgsrezept-fuer-ihr-unternehmen\/","title":{"rendered":"Fachkr\u00e4ftemangel? Das Erfolgsrezept f\u00fcr Ihr Unternehmen"},"content":{"rendered":"<p>Der Fachkr\u00e4ftemangel ist da. Involviert sind vor allem Berufsfelder in der Technik, dem Bau und der Gesundheits- und Pflegebranche. Was bedeutet das f\u00fcr Sie als Unternehmen, das Fachkr\u00e4fte f\u00fcr den Unternehmenserfolg braucht? Abwarten und \u201eTee trinken\u201c?<\/p>\n<h3>Personaldienstleistung: Ihre optimale Informationsquelle<\/h3>\n<p>Personaldienstleister wie BleckmannSchulze bilden die Schnittstelle zwischen Bewerbern und Ihrem Unternehmen. Als Ihr \u201everl\u00e4ngerter Marketing-Arm\u201c r\u00fccken wir Ihr Unternehmen vor dem Bewerber ins rechte Licht. Die Gewinnung qualifizierter Fachkr\u00e4fte f\u00fcr Sie steht im Mittelpunkt.<\/p>\n<p>F\u00fcr Bewerber sind wir Sparringspartner. Auf den Bewerbungsprozess bei Ihnen bereiten wir sie bestm\u00f6glich vor. Feedback spielt eine gro\u00dfe Rolle. Wie erleben Bewerber die Bewerbungsphase mit Ihrem Unternehmen? Wie verlief das Gespr\u00e4ch bei Ihnen vor Ort?<\/p>\n<p>Diese Informationen bringen Ihnen als Unternehmen einen Mehrwert. Was denken Bewerber \u00fcber Ihr Unternehmen?<\/p>\n<h3>Der Fachkr\u00e4ftemangel kommt nicht von ungef\u00e4hr<\/h3>\n<p>Hochqualifizierte und -spezialisierte Bewerber bleiben Unternehmen aus oder brechen den Bewerbungsprozess fr\u00fchzeitig ab. Wie kann das sein?<\/p>\n<p>Ein renommiertes Unternehmen verschiebt den geplanten Vorstellungstermin des top qualifizierten Bewerbers mehrere Male. Bei dem Gespr\u00e4ch bleibe ich als Betreuerin des Bewerbers und Beraterin des Unternehmens au\u00dfen vor. Aus dem Feedback des Bewerbers erfahre ich, dass er sich im Vorstellungsgespr\u00e4ch \u201evon oben herab\u201c behandelt f\u00fchlt. Der Bewerber entscheidet sich aufgrund seines unguten Bauchgef\u00fchls gegen die Stelle. Das Thema Wertsch\u00e4tzung spielt vor allem gegen\u00fcber stark umworbenen Kandidaten eine wesentliche Rolle.<\/p>\n<p>Auch Ihre Unternehmenspr\u00e4senz im Worldwideweb ist f\u00fcr Ihren Rekrutierungserfolg entscheidend. <a href=\"https:\/\/www.kununu.com\/de\/presse\/bitkom-studie-bestaetigt-jeder-dritte-nutzt-arbeitgeber-bewertungsportale\">3 von 10 Bewerbern lassen sich durch Arbeitgeberbewertungen in ihrer Jobentscheidung beeinflussen<\/a>. Konkret erhalten wir von mehreren Bewerbern zu einem Unternehmen aus der Modebranche die R\u00fcckmeldung, dass sie aufgrund der im Web vorgefundenen Arbeitgeberbewertungen nicht weiter zur Verf\u00fcgung stehen.<\/p>\n<p>Den tats\u00e4chlichen Fachkr\u00e4ftemangel haben Sie als Unternehmen selbst mit in der Hand! \u00dcbernehmen Sie die Verantwortung, reflektieren Sie Ihren Bewerbungsprozess und den Umgang mit Ihren Bewerbern.<\/p>\n<h3>Ihr Erfolgsrezept gegen Ihren Fachkr\u00e4ftemangel<\/h3>\n<p>Seien Sie f\u00fcr Ihre Bewerber transparent und zug\u00e4nglich, damit diese sich \u00fcber Sie informieren k\u00f6nnen. Gehen Sie auf etwaige Bed\u00fcrfnisse Ihrer Kandidaten ein, z.B. im Hinblick auf Flexibilit\u00e4t bei Arbeitszeit und -ort. Achten Sie auf Ihre zeitnahe R\u00fcckmeldung. Umworbene Kandidaten entgehen Ihnen sonst.<\/p>\n<p>Ihre Bewerber sind Ihr h\u00f6chstes Gut \u2013 transportieren Sie dies im Vorstellungsgespr\u00e4ch, begeistern Sie! Angefangen bei Ihrer Termintreue, \u00fcber die Herrichtung Ihrer Gespr\u00e4chsumgebung bis hin zu Ihrer Kommunikation. Legen Sie sich ins Zeug! Auch abgelehnte Bewerber reden im Nachhinein \u00fcber Ihr Unternehmen.<\/p>\n<p>Ein Personaldienstleister bringt f\u00fcr Sie als Unternehmen einen Mehrwert. Nutzen Sie unsere Expertise sowie unser Netzwerk. Dar\u00fcber hinaus reagieren Bewerber h\u00e4ufig besser auf unsere Ausschreibungen als auf die des Unternehmens. Aus der Sicht des Bewerbers signalisiert das Einbeziehen eines Personaldienstleisters eine hohe Wertsch\u00e4tzung der Vakanz. Nicht f\u00fcr jede Position nehmen Unternehmen schlie\u00dflich extra Geld in die Hand!<\/p>\n<p>Zu guter Letzt: Versprechen Sie nichts, das Sie nicht halten k\u00f6nnen. Sch\u00fcren Sie im Bewerbungsprozess lieber weniger Erwartungen und \u00fcbertreffen Sie diese sp\u00e4ter in der tats\u00e4chlichen Anstellung. Kommt es zur Entt\u00e4uschung, ist Ihr neuer Mitarbeiter sonst schnell wieder weg.<\/p>\n<h3>Z\u00f6gern Sie nicht, legen Sie los!<\/h3>\n<p>Ja, den Fachkr\u00e4ftemangel gibt es. Wie stark er in Ihrem Unternehmen ausf\u00e4llt, haben Sie zu einem Gro\u00dfteil selbst mit in der Hand. \u00dcbernehmen Sie Verantwortung, besch\u00e4ftigen Sie sich mit Ihren Bewerbern, deren W\u00fcnschen und der Wirkung Ihres Unternehmens auf sie.<\/p>\n<p>Bei Fragen sprechen Sie uns an. Wir unterst\u00fctzen Sie gerne bei der Rekrutierung Ihrer Fachkr\u00e4fte und der Optimierung Ihrer Au\u00dfenwirkung, beispielsweise auf <a href=\"https:\/\/www.kununu.com\/de\/bleckmannschulze\">kununu<\/a>.<\/p>\n<p><em>Beitragsbild: \u00a9 <a href=\"https:\/\/de.fotolia.com\/p\/200914827\">vege<\/a> \u2013 fotolia.de<\/em><\/p>\n","protected":false},"excerpt":{"rendered":"<p>Der Fachkr\u00e4ftemangel ist da. Involviert sind vor allem Berufsfelder in der Technik, dem Bau und der Gesundheits- und Pflegebranche. Was bedeutet das f\u00fcr Sie als Unternehmen, das Fachkr\u00e4fte f\u00fcr den Unternehmenserfolg braucht? Abwarten und \u201eTee trinken\u201c? Personaldienstleistung: Ihre optimale Informationsquelle Personaldienstleister wie BleckmannSchulze bilden die Schnittstelle zwischen Bewerbern und Ihrem Unternehmen. Als Ihr \u201everl\u00e4ngerter Marketing-Arm\u201c [&hellip;]<\/p>\n","protected":false},"author":9,"featured_media":218,"comment_status":"open","ping_status":"open","sticky":false,"template":"","format":"standard","meta":{"_et_pb_use_builder":"","_et_pb_old_content":"","_et_gb_content_width":"","_mi_skip_tracking":false,"jetpack_post_was_ever_published":false,"jetpack_publicize_message":"","jetpack_is_tweetstorm":false,"jetpack_publicize_feature_enabled":true,"jetpack_social_post_already_shared":true,"jetpack_social_options":[]},"categories":[23],"tags":[12,34,35,33,10],"jetpack_publicize_connections":[],"yoast_head":"<!-- This site is optimized with the Yoast SEO plugin v20.4 - https:\/\/yoast.com\/wordpress\/plugins\/seo\/ -->\n<title>Fachkr\u00e4ftemangel? Das Erfolgsrezept f\u00fcr Ihr Unternehmen - BleckmannSchulze | Insights<\/title>\n<meta name=\"description\" content=\"Der Fachkr\u00e4ftemangel ist da. Betroffen sind diverse Berufsfelder. Was k\u00f6nnen Sie als Unternehmen tun, um den Fachkr\u00e4ftemangel im Zaum zu halten?\" \/>\n<meta name=\"robots\" content=\"index, follow, max-snippet:-1, max-image-preview:large, max-video-preview:-1\" \/>\n<link rel=\"canonical\" href=\"https:\/\/www.bleckmannschulze.de\/blog\/bs\/2017\/07\/25\/fachkraeftemangel-das-erfolgsrezept-fuer-ihr-unternehmen\/\" \/>\n<meta property=\"og:locale\" content=\"de_DE\" \/>\n<meta property=\"og:type\" content=\"article\" \/>\n<meta property=\"og:title\" content=\"Fachkr\u00e4ftemangel? Das Erfolgsrezept f\u00fcr Ihr Unternehmen - BleckmannSchulze | Insights\" \/>\n<meta property=\"og:description\" content=\"Der Fachkr\u00e4ftemangel ist da. Betroffen sind diverse Berufsfelder. Was k\u00f6nnen Sie als Unternehmen tun, um den Fachkr\u00e4ftemangel im Zaum zu halten?\" \/>\n<meta property=\"og:url\" content=\"https:\/\/www.bleckmannschulze.de\/blog\/bs\/2017\/07\/25\/fachkraeftemangel-das-erfolgsrezept-fuer-ihr-unternehmen\/\" \/>\n<meta property=\"og:site_name\" content=\"BleckmannSchulze | Insights\" \/>\n<meta property=\"article:published_time\" content=\"2017-07-25T04:34:05+00:00\" \/>\n<meta property=\"article:modified_time\" content=\"2021-02-09T11:26:41+00:00\" \/>\n<meta property=\"og:image\" content=\"https:\/\/www.bleckmannschulze.de\/blog\/bs\/wp-content\/uploads\/2017\/07\/Fachkraft-gesucht.jpg\" \/>\n\t<meta property=\"og:image:width\" content=\"847\" \/>\n\t<meta property=\"og:image:height\" content=\"534\" \/>\n\t<meta property=\"og:image:type\" content=\"image\/jpeg\" \/>\n<meta name=\"author\" content=\"Petra Land-McGraw\" \/>\n<meta name=\"twitter:card\" content=\"summary_large_image\" \/>\n<meta name=\"twitter:label1\" content=\"Verfasst von\" \/>\n\t<meta name=\"twitter:data1\" content=\"Petra Land-McGraw\" \/>\n\t<meta name=\"twitter:label2\" content=\"Gesch\u00e4tzte Lesezeit\" \/>\n\t<meta name=\"twitter:data2\" content=\"3 Minuten\" \/>\n<script type=\"application\/ld+json\" class=\"yoast-schema-graph\">{\"@context\":\"https:\/\/schema.org\",\"@graph\":[{\"@type\":\"WebPage\",\"@id\":\"https:\/\/www.bleckmannschulze.de\/blog\/bs\/2017\/07\/25\/fachkraeftemangel-das-erfolgsrezept-fuer-ihr-unternehmen\/\",\"url\":\"https:\/\/www.bleckmannschulze.de\/blog\/bs\/2017\/07\/25\/fachkraeftemangel-das-erfolgsrezept-fuer-ihr-unternehmen\/\",\"name\":\"Fachkr\u00e4ftemangel? Das Erfolgsrezept f\u00fcr Ihr Unternehmen - BleckmannSchulze | Insights\",\"isPartOf\":{\"@id\":\"https:\/\/www.bleckmannschulze.de\/blog\/bs\/#website\"},\"datePublished\":\"2017-07-25T04:34:05+00:00\",\"dateModified\":\"2021-02-09T11:26:41+00:00\",\"author\":{\"@id\":\"https:\/\/www.bleckmannschulze.de\/blog\/bs\/#\/schema\/person\/f8d5046f2a6b6f69017ec9a8880648b9\"},\"description\":\"Der Fachkr\u00e4ftemangel ist da. Betroffen sind diverse Berufsfelder. Was k\u00f6nnen Sie als Unternehmen tun, um den Fachkr\u00e4ftemangel im Zaum zu halten?\",\"breadcrumb\":{\"@id\":\"https:\/\/www.bleckmannschulze.de\/blog\/bs\/2017\/07\/25\/fachkraeftemangel-das-erfolgsrezept-fuer-ihr-unternehmen\/#breadcrumb\"},\"inLanguage\":\"de-DE\",\"potentialAction\":[{\"@type\":\"ReadAction\",\"target\":[\"https:\/\/www.bleckmannschulze.de\/blog\/bs\/2017\/07\/25\/fachkraeftemangel-das-erfolgsrezept-fuer-ihr-unternehmen\/\"]}]},{\"@type\":\"BreadcrumbList\",\"@id\":\"https:\/\/www.bleckmannschulze.de\/blog\/bs\/2017\/07\/25\/fachkraeftemangel-das-erfolgsrezept-fuer-ihr-unternehmen\/#breadcrumb\",\"itemListElement\":[{\"@type\":\"ListItem\",\"position\":1,\"name\":\"Startseite\",\"item\":\"https:\/\/www.bleckmannschulze.de\/blog\/bs\/\"},{\"@type\":\"ListItem\",\"position\":2,\"name\":\"Fachkr\u00e4ftemangel? Das Erfolgsrezept f\u00fcr Ihr Unternehmen\"}]},{\"@type\":\"WebSite\",\"@id\":\"https:\/\/www.bleckmannschulze.de\/blog\/bs\/#website\",\"url\":\"https:\/\/www.bleckmannschulze.de\/blog\/bs\/\",\"name\":\"BleckmannSchulze | Insights\",\"description\":\"\",\"potentialAction\":[{\"@type\":\"SearchAction\",\"target\":{\"@type\":\"EntryPoint\",\"urlTemplate\":\"https:\/\/www.bleckmannschulze.de\/blog\/bs\/?s={search_term_string}\"},\"query-input\":\"required name=search_term_string\"}],\"inLanguage\":\"de-DE\"},{\"@type\":\"Person\",\"@id\":\"https:\/\/www.bleckmannschulze.de\/blog\/bs\/#\/schema\/person\/f8d5046f2a6b6f69017ec9a8880648b9\",\"name\":\"Petra Land-McGraw\",\"description\":\"Mein Job bei BS deckt sich mit dem, was mir so richtig Freude bereitet: Mit Menschen zu arbeiten und die richtigen Menschen zusammenzubringen. Mit viel Herzblut k\u00fcmmere ich mich um unsere aktuellen (Neu-)Kunden und Bewerber. Spanne ich mal aus, zieht es mich in die Natur oder zu einem Koch- und Filmeabend mit guten Freunden.\",\"url\":\"https:\/\/www.bleckmannschulze.de\/blog\/bs\/author\/petra\/\"}]}<\/script>\n<!-- \/ Yoast SEO plugin. -->","yoast_head_json":{"title":"Fachkr\u00e4ftemangel? Das Erfolgsrezept f\u00fcr Ihr Unternehmen - BleckmannSchulze | Insights","description":"Der Fachkr\u00e4ftemangel ist da. Betroffen sind diverse Berufsfelder. Was k\u00f6nnen Sie als Unternehmen tun, um den Fachkr\u00e4ftemangel im Zaum zu halten?","robots":{"index":"index","follow":"follow","max-snippet":"max-snippet:-1","max-image-preview":"max-image-preview:large","max-video-preview":"max-video-preview:-1"},"canonical":"https:\/\/www.bleckmannschulze.de\/blog\/bs\/2017\/07\/25\/fachkraeftemangel-das-erfolgsrezept-fuer-ihr-unternehmen\/","og_locale":"de_DE","og_type":"article","og_title":"Fachkr\u00e4ftemangel? Das Erfolgsrezept f\u00fcr Ihr Unternehmen - BleckmannSchulze | Insights","og_description":"Der Fachkr\u00e4ftemangel ist da. Betroffen sind diverse Berufsfelder. Was k\u00f6nnen Sie als Unternehmen tun, um den Fachkr\u00e4ftemangel im Zaum zu halten?","og_url":"https:\/\/www.bleckmannschulze.de\/blog\/bs\/2017\/07\/25\/fachkraeftemangel-das-erfolgsrezept-fuer-ihr-unternehmen\/","og_site_name":"BleckmannSchulze | Insights","article_published_time":"2017-07-25T04:34:05+00:00","article_modified_time":"2021-02-09T11:26:41+00:00","og_image":[{"width":847,"height":534,"url":"https:\/\/www.bleckmannschulze.de\/blog\/bs\/wp-content\/uploads\/2017\/07\/Fachkraft-gesucht.jpg","type":"image\/jpeg"}],"author":"Petra Land-McGraw","twitter_card":"summary_large_image","twitter_misc":{"Verfasst von":"Petra Land-McGraw","Gesch\u00e4tzte Lesezeit":"3 Minuten"},"schema":{"@context":"https:\/\/schema.org","@graph":[{"@type":"WebPage","@id":"https:\/\/www.bleckmannschulze.de\/blog\/bs\/2017\/07\/25\/fachkraeftemangel-das-erfolgsrezept-fuer-ihr-unternehmen\/","url":"https:\/\/www.bleckmannschulze.de\/blog\/bs\/2017\/07\/25\/fachkraeftemangel-das-erfolgsrezept-fuer-ihr-unternehmen\/","name":"Fachkr\u00e4ftemangel? Das Erfolgsrezept f\u00fcr Ihr Unternehmen - BleckmannSchulze | Insights","isPartOf":{"@id":"https:\/\/www.bleckmannschulze.de\/blog\/bs\/#website"},"datePublished":"2017-07-25T04:34:05+00:00","dateModified":"2021-02-09T11:26:41+00:00","author":{"@id":"https:\/\/www.bleckmannschulze.de\/blog\/bs\/#\/schema\/person\/f8d5046f2a6b6f69017ec9a8880648b9"},"description":"Der Fachkr\u00e4ftemangel ist da. Betroffen sind diverse Berufsfelder. Was k\u00f6nnen Sie als Unternehmen tun, um den Fachkr\u00e4ftemangel im Zaum zu halten?","breadcrumb":{"@id":"https:\/\/www.bleckmannschulze.de\/blog\/bs\/2017\/07\/25\/fachkraeftemangel-das-erfolgsrezept-fuer-ihr-unternehmen\/#breadcrumb"},"inLanguage":"de-DE","potentialAction":[{"@type":"ReadAction","target":["https:\/\/www.bleckmannschulze.de\/blog\/bs\/2017\/07\/25\/fachkraeftemangel-das-erfolgsrezept-fuer-ihr-unternehmen\/"]}]},{"@type":"BreadcrumbList","@id":"https:\/\/www.bleckmannschulze.de\/blog\/bs\/2017\/07\/25\/fachkraeftemangel-das-erfolgsrezept-fuer-ihr-unternehmen\/#breadcrumb","itemListElement":[{"@type":"ListItem","position":1,"name":"Startseite","item":"https:\/\/www.bleckmannschulze.de\/blog\/bs\/"},{"@type":"ListItem","position":2,"name":"Fachkr\u00e4ftemangel? Das Erfolgsrezept f\u00fcr Ihr Unternehmen"}]},{"@type":"WebSite","@id":"https:\/\/www.bleckmannschulze.de\/blog\/bs\/#website","url":"https:\/\/www.bleckmannschulze.de\/blog\/bs\/","name":"BleckmannSchulze | Insights","description":"","potentialAction":[{"@type":"SearchAction","target":{"@type":"EntryPoint","urlTemplate":"https:\/\/www.bleckmannschulze.de\/blog\/bs\/?s={search_term_string}"},"query-input":"required name=search_term_string"}],"inLanguage":"de-DE"},{"@type":"Person","@id":"https:\/\/www.bleckmannschulze.de\/blog\/bs\/#\/schema\/person\/f8d5046f2a6b6f69017ec9a8880648b9","name":"Petra Land-McGraw","description":"Mein Job bei BS deckt sich mit dem, was mir so richtig Freude bereitet: Mit Menschen zu arbeiten und die richtigen Menschen zusammenzubringen. Mit viel Herzblut k\u00fcmmere ich mich um unsere aktuellen (Neu-)Kunden und Bewerber. Spanne ich mal aus, zieht es mich in die Natur oder zu einem Koch- und Filmeabend mit guten Freunden.","url":"https:\/\/www.bleckmannschulze.de\/blog\/bs\/author\/petra\/"}]}},"jetpack_featured_media_url":"https:\/\/www.bleckmannschulze.de\/blog\/bs\/wp-content\/uploads\/2017\/07\/Fachkraft-gesucht.jpg","jetpack_sharing_enabled":true,"jetpack_shortlink":"https:\/\/wp.me\/p7PzL6-3u","jetpack-related-posts":[{"id":186,"url":"https:\/\/www.bleckmannschulze.de\/blog\/bs\/2017\/04\/24\/das-boese-phantom-arbeitnehmerueberlassung-wie-viel-wahres-steckt-dahinter\/","url_meta":{"origin":216,"position":0},"title":"Das b\u00f6se Phantom Arbeitnehmer\u00fcberlassung \u2013 Wie viel Wahres steckt dahinter?","date":"24. April 2017","format":false,"excerpt":"Mit den \u00c4nderungen des Arbeitnehmer\u00fcberlassungsgesetzes zum April 2017 sind auch unsere Bewerber f\u00fcr die Branche der Arbeitnehmer\u00fcberlassung (auch: Zeitarbeit) vermehrt sensibilisiert. Dabei zeigt sich Informationsbedarf zu g\u00e4ngigen Vorurteilen. Wie stehen Sie zum Thema Arbeitnehmer\u00fcberlassung? Denken Sie von sich selbst, dass Sie up-to-date sind? Im Folgenden gebe ich Ihnen einen aktuellen\u2026","rel":"","context":"In &quot;Im Dialog&quot;","img":{"alt_text":"Arbeitnehmer\u00fcberlassung nur ein Phantom","src":"https:\/\/i0.wp.com\/www.bleckmannschulze.de\/blog\/bs\/wp-content\/uploads\/2017\/04\/Arbeitnehmerueberlassung.jpg?resize=350%2C200&ssl=1","width":350,"height":200},"classes":[]},{"id":571,"url":"https:\/\/www.bleckmannschulze.de\/blog\/bs\/2019\/03\/01\/fachkraefteangel-die-werbekampagne-in-koeln\/","url_meta":{"origin":216,"position":1},"title":"Fachkr\u00e4fteangel: Die Werbekampagne in K\u00f6ln","date":"1. M\u00e4rz 2019","format":false,"excerpt":"\u201eWir haben die Besten am Haken.\u201c \u201eAngeln Sie sich die Besten!\u201c Eine dieser Aussagen ist Ihnen auf einer digitalen Anzeige im K\u00f6lner Stra\u00dfenverkehr mit dem Begriff \u201eFachkr\u00e4fteangel\u201c begegnet. Nun sind Sie neugierig? Was es damit auf sich hat, erfahren Sie in diesem Beitrag. \u201eFachkr\u00e4fteangel\u201c?! Die \u201eFachkr\u00e4fteangel\u201c ist Dreh- und Angelpunkt\u2026","rel":"","context":"In &quot;Im Dialog&quot;","img":{"alt_text":"Fachkr\u00e4fteangel.de \u2013 Wir haben die besten am Haken","src":"https:\/\/i0.wp.com\/www.bleckmannschulze.de\/blog\/bs\/wp-content\/uploads\/2019\/02\/Fachkraefteangel.jpg?resize=350%2C200&ssl=1","width":350,"height":200},"classes":[]},{"id":789,"url":"https:\/\/www.bleckmannschulze.de\/blog\/bs\/2019\/11\/25\/personalberater-vorteile-fuer-kunden-und-bewerber\/","url_meta":{"origin":216,"position":2},"title":"Personalberater \u2013 Vorteile f\u00fcr Kunden und Bewerber","date":"25. November 2019","format":false,"excerpt":"Was macht ein Personalberater? F\u00fcr wen ist so eine Beratung sinnvoll? Fragen \u00fcber Fragen, die auch ich mir stellte, als ich 2019 mein duales Studium startete. F\u00fcr Ihren Durchblick habe ich mir Maik Schulze und R\u00fcdiger Bleckmann (beide Gesch\u00e4ftsf\u00fchrer von BleckmannSchulze) geschnappt und sie zum Thema \u201ePersonalberater\u201c befragt. Maik Schulze\u2026","rel":"","context":"In &quot;Im Dialog&quot;","img":{"alt_text":"Personalberater","src":"https:\/\/i0.wp.com\/www.bleckmannschulze.de\/blog\/bs\/wp-content\/uploads\/2019\/11\/iStock-501223220.jpg?resize=350%2C200&ssl=1","width":350,"height":200},"classes":[]},{"id":447,"url":"https:\/\/www.bleckmannschulze.de\/blog\/bs\/2018\/07\/18\/recruiter-bei-bs-4711-kicker-und-sushi\/","url_meta":{"origin":216,"position":3},"title":"Recruiter bei BS: 4711, Kicker und Sushi","date":"18. Juli 2018","format":false,"excerpt":"Fachkr\u00e4ftemangel, Bewerberknappheit: Recruiter sind f\u00fcr Unternehmen relevant wie eh und je. F\u00fcr Personaldienstleister wie BleckmannSchulze in K\u00f6ln sind Erstere vor allem Eines: Ein wesentlicher Bestandteil des Unternehmenserfolgs. Wie arbeitet es sich in dieser besonderen Rolle? Ein Blick hinter die Kulissen als Recruiter bei BleckmannSchulze. 4711, Kicker und Sushi Klingt merkw\u00fcrdig?\u2026","rel":"","context":"In &quot;Mitarbeiter im Portrait&quot;","img":{"alt_text":"Marco Langlouis - Recruiter bei BleckmannSchulze","src":"https:\/\/i0.wp.com\/www.bleckmannschulze.de\/blog\/bs\/wp-content\/uploads\/2018\/07\/Marco-Langlouis-Recruiter-BS.jpg?resize=350%2C200&ssl=1","width":350,"height":200},"classes":[]},{"id":514,"url":"https:\/\/www.bleckmannschulze.de\/blog\/bs\/2018\/10\/19\/arbeitgeberbewertungen-fluch-oder-segen\/","url_meta":{"origin":216,"position":4},"title":"Arbeitgeberbewertungen: Fluch oder Segen?","date":"19. Oktober 2018","format":false,"excerpt":"Von den einen geliebt, von den anderen gef\u00fcrchtet und verflucht: Arbeitgeberbewertungen. Wie gehen Bewerber mit dem vielf\u00e4ltigen \u201eBewertungs-Dschungel\u201c auf kununu, glassdoor, StepStone,\u00a011880 und Co. um und wie k\u00f6nnen Unternehmen das alles als Chance f\u00fcr die eigene Erfolgsmaximierung nutzen? Dazu gebe ich Ihnen im folgenden Beitrag Einblick in meine beiden Perspektiven\u2026","rel":"","context":"In &quot;Im Dialog&quot;","img":{"alt_text":"Arbeitgeberbewertungen","src":"https:\/\/i0.wp.com\/www.bleckmannschulze.de\/blog\/bs\/wp-content\/uploads\/2018\/10\/BleckmannSchulze.jpg?resize=350%2C200&ssl=1","width":350,"height":200},"classes":[]},{"id":528,"url":"https:\/\/www.bleckmannschulze.de\/blog\/bs\/2018\/11\/28\/bester-dienstleister-2019-platz-1-fuer-bleckmannschulze\/","url_meta":{"origin":216,"position":5},"title":"Bester Dienstleister 2019: 1. Platz f\u00fcr BleckmannSchulze!","date":"28. November 2018","format":false,"excerpt":"BS News: K\u00f6ln, 27. November 2018. BleckmannSchulze in K\u00f6ln erh\u00e4lt die Auszeichnung \u201eBester Dienstleister 2019\u201c und best\u00e4tigt damit die eigene Vorreiterrolle in der Personaldienstleistung im deutschsprachigen Raum. Das Unternehmen setzt sich gegen \u00fcber 13.000 Konkurrenten bei kununu durch \u2013 darauf ist das BleckmannSchulze Team nat\u00fcrlich stolz wie Bolle! Bester Dienstleister\u2026","rel":"","context":"In &quot;\u00dcber uns&quot;","img":{"alt_text":"Bester Dientstleister 2019 ist BleckmannSchulze aus K\u00f6ln","src":"https:\/\/i0.wp.com\/www.bleckmannschulze.de\/blog\/bs\/wp-content\/uploads\/2018\/11\/Bester-Dienstleister-2019.jpg?resize=350%2C200&ssl=1","width":350,"height":200},"classes":[]}],"_links":{"self":[{"href":"https:\/\/www.bleckmannschulze.de\/blog\/bs\/wp-json\/wp\/v2\/posts\/216"}],"collection":[{"href":"https:\/\/www.bleckmannschulze.de\/blog\/bs\/wp-json\/wp\/v2\/posts"}],"about":[{"href":"https:\/\/www.bleckmannschulze.de\/blog\/bs\/wp-json\/wp\/v2\/types\/post"}],"author":[{"embeddable":true,"href":"https:\/\/www.bleckmannschulze.de\/blog\/bs\/wp-json\/wp\/v2\/users\/9"}],"replies":[{"embeddable":true,"href":"https:\/\/www.bleckmannschulze.de\/blog\/bs\/wp-json\/wp\/v2\/comments?post=216"}],"version-history":[{"count":7,"href":"https:\/\/www.bleckmannschulze.de\/blog\/bs\/wp-json\/wp\/v2\/posts\/216\/revisions"}],"predecessor-version":[{"id":973,"href":"https:\/\/www.bleckmannschulze.de\/blog\/bs\/wp-json\/wp\/v2\/posts\/216\/revisions\/973"}],"wp:featuredmedia":[{"embeddable":true,"href":"https:\/\/www.bleckmannschulze.de\/blog\/bs\/wp-json\/wp\/v2\/media\/218"}],"wp:attachment":[{"href":"https:\/\/www.bleckmannschulze.de\/blog\/bs\/wp-json\/wp\/v2\/media?parent=216"}],"wp:term":[{"taxonomy":"category","embeddable":true,"href":"https:\/\/www.bleckmannschulze.de\/blog\/bs\/wp-json\/wp\/v2\/categories?post=216"},{"taxonomy":"post_tag","embeddable":true,"href":"https:\/\/www.bleckmannschulze.de\/blog\/bs\/wp-json\/wp\/v2\/tags?post=216"}],"curies":[{"name":"wp","href":"https:\/\/api.w.org\/{rel}","templated":true}]}}